{"id":90003,"date":"2023-11-22T10:47:52","date_gmt":"2023-11-22T09:47:52","guid":{"rendered":"https:\/\/soccerinteraction.com\/?p=90003"},"modified":"2023-11-22T11:31:34","modified_gmt":"2023-11-22T10:31:34","slug":"ud-alzira-acaba-imbatibilidad-local-hercules","status":"publish","type":"post","link":"https:\/\/soccerinteraction.com\/es\/ud-alzira-acaba-imbatibilidad-local-hercules","title":{"rendered":"LA UD ALZIRA ACABA CON LA IMBATIBILIDAD LOCAL DEL H\u00c9RCULES CF\u00a0"},"content":{"rendered":"\n<h2 class=\"wp-block-heading\">Los alziristas frenaron la racha ganadora del H\u00e9rcules&nbsp;<\/h2>\n\n\n<div class=\"wp-block-image\">\n<figure class=\"aligncenter size-full is-resized\"><img decoding=\"async\" src=\"https:\/\/soccerinteraction.com\/wp-content\/uploads\/2023\/11\/UD-Alzira-vs-Hercules-CF-1.jpg\" alt=\"UD-Alzira-vs-H\u00e9rcules\" class=\"wp-image-90012\" width=\"540\" height=\"462\" srcset=\"https:\/\/soccerinteraction.com\/wp-content\/uploads\/2023\/11\/UD-Alzira-vs-Hercules-CF-1.jpg 720w, https:\/\/soccerinteraction.com\/wp-content\/uploads\/2023\/11\/UD-Alzira-vs-Hercules-CF-1-300x257.jpg 300w, https:\/\/soccerinteraction.com\/wp-content\/uploads\/2023\/11\/UD-Alzira-vs-Hercules-CF-1-219x187.jpg 219w\" sizes=\"(max-width: 540px) 100vw, 540px\" \/><\/figure><\/div>\n\n\n<p>El pasado domingo 19 de noviembre, la UD Alzira visit\u00f3 el estadio Jos\u00e9 Rico P\u00e9rez para medirse contra el H\u00e9rcules CF. El equipo alicantino solo conoc\u00eda la victoria en casa esta temporada, pero <strong>un gol tempranero de los alziristas y su solidez defensiva frenaron la racha ganadora del H\u00e9rcules<\/strong>. La gran actuaci\u00f3n de Dylan Iglesias en la primera parte puso patas arriba el planteamiento de Rub\u00e9n Torrecilla, entrenador del H\u00e9rcules CF.&nbsp;&nbsp;<\/p>\n\n\n\n<p>El conjunto azulgrana avisaba con ocasiones peligrosas desde los primeros instantes del partido hasta que Dylan coloc\u00f3 el bal\u00f3n dentro de la porter\u00eda en el minuto 11. Un magistral saque de banda que acab\u00f3 en pies de Manel Busquets y que este cedi\u00f3 a Dylan, sorprendi\u00f3 a la defensa local. Dylan, ya dentro del \u00e1rea, recort\u00f3 y remat\u00f3 la jugada con un tiro que se fue desviado al lado derecho del portero porque impact\u00f3 en los pies de un defensor. Parec\u00eda que el partido se decantaba para los azulgranas ya que al poco de conseguir el primer gol Busquets cruz\u00f3 el bal\u00f3n al lado derecho, pero Carlos Abad intervino.\u00a0<\/p>\n\n\n\n<p>Los planes de <strong>Marc Garc\u00eda, entrenador de la UD Alzira<\/strong>, se vieron frustrados con la lesi\u00f3n de Pitu en el minuto 27 y, a partir de este instante, cambi\u00f3 el dominador del partido. La reestructuraci\u00f3n del equipo con la entrada de Mareny\u00e0 parec\u00eda que aguantaba bien los asaltos del equipo local, pero un testarazo de Roger en el minuto 40 recortaba distancias en el marcador y aument\u00f3 la preocupaci\u00f3n del equipo visitante. Los valencianos aguantaron bien los \u00faltimos minutos de la primera parte y los equipos se fueron al descanso con un empate en el marcador.&nbsp;<\/p>\n\n\n<div class=\"wp-block-image\">\n<figure class=\"aligncenter size-full is-resized\"><img decoding=\"async\" src=\"https:\/\/soccerinteraction.com\/wp-content\/uploads\/2023\/11\/UD-Alzira-vs-Hercules-CF-3.jpg\" alt=\"UD-Alzira-vs-H\u00e9rcules\" class=\"wp-image-90020\" width=\"540\" height=\"434\" srcset=\"https:\/\/soccerinteraction.com\/wp-content\/uploads\/2023\/11\/UD-Alzira-vs-Hercules-CF-3.jpg 720w, https:\/\/soccerinteraction.com\/wp-content\/uploads\/2023\/11\/UD-Alzira-vs-Hercules-CF-3-300x241.jpg 300w, https:\/\/soccerinteraction.com\/wp-content\/uploads\/2023\/11\/UD-Alzira-vs-Hercules-CF-3-233x187.jpg 233w\" sizes=\"(max-width: 540px) 100vw, 540px\" \/><\/figure><\/div>\n\n\n<p>La segunda parte tuvo solo un nombre, H\u00e9rcules CF. <strong>El dominio en el juego y los continuos ataques de los alicantinos imposibilitaron el buen juego de los azulgranas<\/strong>. Avisaron los herculanos en el minuto 48, pero un providencial Vicent Dolz par\u00f3 todo lo que le vino. La entrada de M\u00e1ngel y Palac\u00edn en el 63 no consigui\u00f3 a\u00f1adir mejor\u00eda al juego. Los de Marc Garc\u00eda estaban sumados a defender y conformarse con el punto que estaban saboreando. Adri\u00e1n Crespo y Pana entraron en el minuto 87 para aportar solidez defensiva y trabajo, aunque los locales no se conformaban con el empate. Tal era el dominio del H\u00e9rcules que Coscia, exalzirista, provoc\u00f3 el silencio en los seguidores del Alzira con un gol en el minuto 90 que no subi\u00f3 al marcador por manos.\u00a0<\/p>\n\n\n\n<p><strong>Marc Garc\u00eda destac\u00f3 en la rueda de prensa la importancia del punto que hab\u00eda conseguido su equipo, ya que ning\u00fan equipo hab\u00eda sido capaz de robarle ning\u00fan punto a los blanquiazules.<\/strong> Tambi\u00e9n record\u00f3 la acci\u00f3n en la que se vieron envueltos Solbes y Mendes en el tramo final, donde Mendes agrede a Solbes. Una peque\u00f1a pol\u00e9mica que ning\u00fan integrante del equipo arbitral vio ni sancion\u00f3, pero ocurri\u00f3 ya que Solbes tuvo que abandonar unos instantes el partido porque le sangraba la nariz. Una acci\u00f3n que no hubiera cambiado la din\u00e1mica del juego, seg\u00fan Marc Garc\u00eda.&nbsp;<\/p>\n\n\n\n<div class=\"wp-block-buttons is-content-justification-center is-layout-flex wp-container-1\">\n<div class=\"wp-block-button\"><a class=\"wp-block-button__link has-text-color has-background wp-element-button\" href=\"https:\/\/soccerinteraction.com\/es\/blog-spanish\" style=\"color:#181818;background-color:#ddff57\" target=\"_blank\" rel=\"noreferrer noopener\"><strong>Ver m\u00e1s noticias!<\/strong><\/a><\/div>\n<\/div>\n","protected":false},"excerpt":{"rendered":"<p>Los alziristas frenaron la racha ganadora del H\u00e9rcules&nbsp; El pasado domingo 19 de noviembre, la UD Alzira visit\u00f3 el estadio Jos\u00e9 Rico P\u00e9rez para medirse contra el H\u00e9rcules CF. El equipo alicantino solo conoc\u00eda la victoria en casa esta temporada, pero un gol tempranero de los alziristas y su solidez defensiva frenaron la racha ganadora<\/p>\n","protected":false},"author":12,"featured_media":90004,"comment_status":"open","ping_status":"closed","sticky":false,"template":"","format":"standard","meta":[],"categories":[21,1,149],"tags":[],"_links":{"self":[{"href":"https:\/\/soccerinteraction.com\/es\/wp-json\/wp\/v2\/posts\/90003"}],"collection":[{"href":"https:\/\/soccerinteraction.com\/es\/wp-json\/wp\/v2\/posts"}],"about":[{"href":"https:\/\/soccerinteraction.com\/es\/wp-json\/wp\/v2\/types\/post"}],"author":[{"embeddable":true,"href":"https:\/\/soccerinteraction.com\/es\/wp-json\/wp\/v2\/users\/12"}],"replies":[{"embeddable":true,"href":"https:\/\/soccerinteraction.com\/es\/wp-json\/wp\/v2\/comments?post=90003"}],"version-history":[{"count":0,"href":"https:\/\/soccerinteraction.com\/es\/wp-json\/wp\/v2\/posts\/90003\/revisions"}],"wp:featuredmedia":[{"embeddable":true,"href":"https:\/\/soccerinteraction.com\/es\/wp-json\/wp\/v2\/media\/90004"}],"wp:attachment":[{"href":"https:\/\/soccerinteraction.com\/es\/wp-json\/wp\/v2\/media?parent=90003"}],"wp:term":[{"taxonomy":"category","embeddable":true,"href":"https:\/\/soccerinteraction.com\/es\/wp-json\/wp\/v2\/categories?post=90003"},{"taxonomy":"post_tag","embeddable":true,"href":"https:\/\/soccerinteraction.com\/es\/wp-json\/wp\/v2\/tags?post=90003"}],"curies":[{"name":"wp","href":"https:\/\/api.w.org\/{rel}","templated":true}]}}