{"id":85591,"date":"2023-09-08T09:00:00","date_gmt":"2023-09-08T08:00:00","guid":{"rendered":"https:\/\/soccerinteraction.com\/?p=85591"},"modified":"2023-09-21T09:51:12","modified_gmt":"2023-09-21T08:51:12","slug":"ud-sia-academy-filial-ud-alzira","status":"publish","type":"post","link":"https:\/\/soccerinteraction.com\/es\/ud-sia-academy-filial-ud-alzira","title":{"rendered":"UD SIA ACADEMY EMPIEZA LA TEMPORADA COMO FILIAL DE UD ALZIRA"},"content":{"rendered":"\n<h2 class=\"wp-block-heading\">EL NUEVO EQUIPO DE F\u00daTBOL DE LA \u201cPRIMERA FFCV\u201d UD SIA ACADEMY EMPIEZA LA TEMPORADA COMO FILIAL DE UD ALZIRA<\/h2>\n\n\n\n<p><strong>Hace dos meses se dio a conocer la alianza entre SIA Academy y UD Alzira, de la cual se ha estado trabajando conjuntamente en la preparaci\u00f3n de los jugadores para esta temporada.<\/strong> Desde metodolog\u00edas de entrenamiento, soportes t\u00e9cnicos como las herramientas de video-an\u00e1lisis hasta la disposici\u00f3n de las instalaciones de la academia y de sus trabajadores, han sido de gran aporte para monitorizar y objetivar el trabajo que van realizando a lo largo de la temporada, desde un prisma de f\u00fatbol profesional.<\/p>\n\n\n<div class=\"wp-block-image\">\n<figure class=\"aligncenter size-full is-resized\"><img decoding=\"async\" src=\"https:\/\/soccerinteraction.com\/wp-content\/uploads\/2023\/09\/NUEVO-EQUIPO-UD-SIA-ACADEMY-2.jpg\" alt=\"UD-SIA-Academy-PRIMERAFFCV\" class=\"wp-image-85601\" width=\"750\" height=\"500\" srcset=\"https:\/\/soccerinteraction.com\/wp-content\/uploads\/2023\/09\/NUEVO-EQUIPO-UD-SIA-ACADEMY-2.jpg 1000w, https:\/\/soccerinteraction.com\/wp-content\/uploads\/2023\/09\/NUEVO-EQUIPO-UD-SIA-ACADEMY-2-300x200.jpg 300w, https:\/\/soccerinteraction.com\/wp-content\/uploads\/2023\/09\/NUEVO-EQUIPO-UD-SIA-ACADEMY-2-768x512.jpg 768w, https:\/\/soccerinteraction.com\/wp-content\/uploads\/2023\/09\/NUEVO-EQUIPO-UD-SIA-ACADEMY-2-280x187.jpg 280w\" sizes=\"(max-width: 750px) 100vw, 750px\" \/><\/figure><\/div>\n\n\n<h2 class=\"wp-block-heading\">\u00bfC\u00f3mo est\u00e1 conformada la plantilla de UD SIA Academy?<\/h2>\n\n\n\n<p>El nuevo equipo de f\u00fatbol de la Primera FFCV UD SIA Academy como filial de UD Alzira empieza la temporada con una plantilla equilibrada donde la juventud y la veteran\u00eda suman por partes iguales. <strong>La plantilla est\u00e1 formada principalmente por jugadores j\u00f3venes que provienen de categor\u00eda juvenil, donde el Divisi\u00f3n de Honor de la UD Alzira ha proporcionado la mayor\u00eda de jugadores que pasan a la etapa Senior.<\/strong> Es el caso de jugadores como Noel Riera, Mario Robledo, Rafa Segovia y Alejandro Guijarro. Adem\u00e1s de ello, complementan la plantilla con jugadores experimentados que conocen bien la categor\u00eda como son Gaby Fern\u00e1ndez, Christian Peleteiro y Camilo D\u00edaz.<\/p>\n\n\n\n<figure class=\"wp-block-gallery has-nested-images columns-default is-cropped wp-block-gallery-1 is-layout-flex\">\n<figure class=\"wp-block-image size-large\"><img decoding=\"async\" width=\"1000\" height=\"786\" data-id=\"85617\"  src=\"https:\/\/soccerinteraction.com\/wp-content\/uploads\/2023\/09\/NUEVO-EQUIPO-UD-SIA-ACADEMY-3.jpg\" alt=\"Juan-Camilo-D\u00edaz\" class=\"wp-image-85617\" srcset=\"https:\/\/soccerinteraction.com\/wp-content\/uploads\/2023\/09\/NUEVO-EQUIPO-UD-SIA-ACADEMY-3.jpg 1000w, https:\/\/soccerinteraction.com\/wp-content\/uploads\/2023\/09\/NUEVO-EQUIPO-UD-SIA-ACADEMY-3-300x236.jpg 300w, https:\/\/soccerinteraction.com\/wp-content\/uploads\/2023\/09\/NUEVO-EQUIPO-UD-SIA-ACADEMY-3-768x604.jpg 768w, https:\/\/soccerinteraction.com\/wp-content\/uploads\/2023\/09\/NUEVO-EQUIPO-UD-SIA-ACADEMY-3-238x187.jpg 238w\" sizes=\"(max-width: 1000px) 100vw, 1000px\" \/><figcaption class=\"wp-element-caption\">Juan Camilo D\u00edaz<\/figcaption><\/figure>\n\n\n\n<figure class=\"wp-block-image size-large\"><img decoding=\"async\" width=\"1000\" height=\"667\" data-id=\"85609\"  src=\"https:\/\/soccerinteraction.com\/wp-content\/uploads\/2023\/09\/NUEVO-EQUIPO-UD-SIA-ACADEMY-6.jpg\" alt=\"Christian-Peleteiro\" class=\"wp-image-85609\" srcset=\"https:\/\/soccerinteraction.com\/wp-content\/uploads\/2023\/09\/NUEVO-EQUIPO-UD-SIA-ACADEMY-6.jpg 1000w, https:\/\/soccerinteraction.com\/wp-content\/uploads\/2023\/09\/NUEVO-EQUIPO-UD-SIA-ACADEMY-6-300x200.jpg 300w, https:\/\/soccerinteraction.com\/wp-content\/uploads\/2023\/09\/NUEVO-EQUIPO-UD-SIA-ACADEMY-6-768x512.jpg 768w, https:\/\/soccerinteraction.com\/wp-content\/uploads\/2023\/09\/NUEVO-EQUIPO-UD-SIA-ACADEMY-6-280x187.jpg 280w\" sizes=\"(max-width: 1000px) 100vw, 1000px\" \/><figcaption class=\"wp-element-caption\">Christian Peleteiro<\/figcaption><\/figure>\n<\/figure>\n\n\n\n<h2 class=\"wp-block-heading\">\u00bfCu\u00e1l es el objetivo principal del nuevo equipo de UD SIA Academy?<\/h2>\n\n\n\n<p><strong>Xavi Candel, entrenador de UD SIA Academy, destac\u00f3: \u201cEl objetivo principal es crecer y mejorar d\u00eda a d\u00eda con un claro objetivo a largo plazo.<\/strong> Este equipo de nueva formaci\u00f3n quiere estar lo m\u00e1s cerca posible del primer equipo de la UD Alzira. Cualquier proyecto deportivo de nueva creaci\u00f3n necesita tiempo para desarrollarse, pero no por ello debemos de dejar de ser ambiciosos. <strong>El objetivo de este proyecto es ir subiendo de categor\u00edas con el paso de los a\u00f1os<\/strong>\u201d.<\/p>\n\n\n<div class=\"wp-block-image\">\n<figure class=\"aligncenter size-full is-resized\"><img decoding=\"async\" src=\"https:\/\/soccerinteraction.com\/wp-content\/uploads\/2023\/09\/NUEVO-EQUIPO-UD-SIA-ACADEMY-4.jpg\" alt=\"UD-SIA-Academy-entrenando\" class=\"wp-image-85625\" width=\"750\" height=\"500\" srcset=\"https:\/\/soccerinteraction.com\/wp-content\/uploads\/2023\/09\/NUEVO-EQUIPO-UD-SIA-ACADEMY-4.jpg 1000w, https:\/\/soccerinteraction.com\/wp-content\/uploads\/2023\/09\/NUEVO-EQUIPO-UD-SIA-ACADEMY-4-300x200.jpg 300w, https:\/\/soccerinteraction.com\/wp-content\/uploads\/2023\/09\/NUEVO-EQUIPO-UD-SIA-ACADEMY-4-768x512.jpg 768w, https:\/\/soccerinteraction.com\/wp-content\/uploads\/2023\/09\/NUEVO-EQUIPO-UD-SIA-ACADEMY-4-280x187.jpg 280w\" sizes=\"(max-width: 750px) 100vw, 750px\" \/><figcaption class=\"wp-element-caption\">ENTRENAMIENTO EN SIA ACADEMY<\/figcaption><\/figure><\/div>\n\n\n<p>En la gesti\u00f3n deportiva, Candel ha estado trabajando junto a Rafa Asensio, Director Deportivo del primer equipo, para intentar aportar la mayor calidad a este proyecto. Algunos jugadores del equipo participan activamente en los entrenamientos del equipo de 2RFEF y pueden ser convocados en cualquier momento siempre que el club lo considere oportuno. Es una motivaci\u00f3n importante para que estos j\u00f3venes jugadores tengan una meta ambiciosa para su futuro.<\/p>\n\n\n\n<p>Para la preparaci\u00f3n de pretemporada al tratarse de un equipo nuevo en su totalidad, los jugadores han ido incorpor\u00e1ndose a la din\u00e1mica de los entrenamientos de forma paulatina.<\/p>\n\n\n\n<p>El inicio de la liga est\u00e1 por empezar, <strong>Candel, considera que esta temporada va a ser muy competitiva, con equipos rivales hist\u00f3ricos de la categor\u00eda como Carcaixent y Alberic que han mantenido en gran parte el bloque de la temporada pasada e incluso han mejorado significativamente con fichajes de nivel.<\/strong><\/p>\n\n\n\n<p>\u201cDebemos ser conscientes de la realidad del equipo en la actualidad y la dificultad que conlleva la creaci\u00f3n de un nuevo equipo desde cero, pero estoy seguro que con nuestro potencial vamos a ser competitivos en cada partido y a medida que vaya avanzando el campeonato nuestro rendimiento ser\u00e1 superior. Somos un equipo joven pero ambicioso\u201d. Detall\u00f3 Candel.<\/p>\n\n\n\n<p><strong><a href=\"https:\/\/golsmedia.com\/comunidad-valenciana\/futbol\/ud-sia-beniganim\/2023\/09\/05\/promesas-mas-fichajes-experiencia-top-asi-es-nuevo-proyecto-ud-sia-academy\/\" target=\"_blank\" rel=\"noreferrer noopener\">Ver la nota de prensa realizada por Golsmedia.<\/a><\/strong><\/p>\n\n\n\n<div class=\"wp-block-buttons is-content-justification-center is-layout-flex wp-container-3\">\n<div class=\"wp-block-button is-style-outline\"><a class=\"wp-block-button__link has-text-color has-background wp-element-button\" style=\"color:#181818;background-color:#ddff57\"><strong>Acuerdo UD Alzira-SIA Academy<\/strong><\/a><\/div>\n<\/div>\n","protected":false},"excerpt":{"rendered":"<p>EL NUEVO EQUIPO DE F\u00daTBOL DE LA \u201cPRIMERA FFCV\u201d UD SIA ACADEMY EMPIEZA LA TEMPORADA COMO FILIAL DE UD ALZIRA Hace dos meses se dio a conocer la alianza entre SIA Academy y UD Alzira, de la cual se ha estado trabajando conjuntamente en la preparaci\u00f3n de los jugadores para esta temporada. Desde metodolog\u00edas de<\/p>\n","protected":false},"author":12,"featured_media":85593,"comment_status":"open","ping_status":"closed","sticky":false,"template":"","format":"standard","meta":[],"categories":[21,151,1,149],"tags":[],"_links":{"self":[{"href":"https:\/\/soccerinteraction.com\/es\/wp-json\/wp\/v2\/posts\/85591"}],"collection":[{"href":"https:\/\/soccerinteraction.com\/es\/wp-json\/wp\/v2\/posts"}],"about":[{"href":"https:\/\/soccerinteraction.com\/es\/wp-json\/wp\/v2\/types\/post"}],"author":[{"embeddable":true,"href":"https:\/\/soccerinteraction.com\/es\/wp-json\/wp\/v2\/users\/12"}],"replies":[{"embeddable":true,"href":"https:\/\/soccerinteraction.com\/es\/wp-json\/wp\/v2\/comments?post=85591"}],"version-history":[{"count":0,"href":"https:\/\/soccerinteraction.com\/es\/wp-json\/wp\/v2\/posts\/85591\/revisions"}],"wp:featuredmedia":[{"embeddable":true,"href":"https:\/\/soccerinteraction.com\/es\/wp-json\/wp\/v2\/media\/85593"}],"wp:attachment":[{"href":"https:\/\/soccerinteraction.com\/es\/wp-json\/wp\/v2\/media?parent=85591"}],"wp:term":[{"taxonomy":"category","embeddable":true,"href":"https:\/\/soccerinteraction.com\/es\/wp-json\/wp\/v2\/categories?post=85591"},{"taxonomy":"post_tag","embeddable":true,"href":"https:\/\/soccerinteraction.com\/es\/wp-json\/wp\/v2\/tags?post=85591"}],"curies":[{"name":"wp","href":"https:\/\/api.w.org\/{rel}","templated":true}]}}