{"id":79745,"date":"2023-03-27T09:24:00","date_gmt":"2023-03-27T08:24:00","guid":{"rendered":"https:\/\/soccerinteraction.com\/?p=79745"},"modified":"2023-05-04T09:36:28","modified_gmt":"2023-05-04T08:36:28","slug":"visito-las-fallas","status":"publish","type":"post","link":"https:\/\/soccerinteraction.com\/es\/visito-las-fallas","title":{"rendered":"SIA Academy visit\u00f3 las Fallas en Valencia"},"content":{"rendered":"\n<p>La ciudad de Valencia es famosa por muchas razones. S\u00ed, el orgullo de la ciudad, que se encuentra en la costa este de Espa\u00f1a, es el <strong>Valencia CF,<\/strong> una de las marcas de f\u00fatbol m\u00e1s famosas y reconocidas en el mundo, pero la ciudad tiene una rica historia y es famosa por varias razones.<\/p>\n\n\n\n<p>En Valencia se puede ver la famosa <strong>Ciudad de las Artes y las Ciencias<\/strong>, donde hay un museo de la ciencia, el acuario, la \u00f3pera y el cine IMAX que fueron creados por el conocido dise\u00f1ador <strong>Santiago Calatrava<\/strong>. Despu\u00e9s puedes visitar la playa, donde degustar la famosa paella valenciana. Pero en el periodo de <strong>Fallas<\/strong> durante el mes de marzo, Valencia es el destino m\u00e1s visitado de Espa\u00f1a.<\/p>\n\n\n\n<figure class=\"wp-block-image size-full\"><img decoding=\"async\" width=\"900\" height=\"600\" src=\"https:\/\/soccerinteraction.com\/wp-content\/uploads\/2023\/05\/fallas-valencia.jpg\" alt=\"SIA Academy visit\u00f3 las Fallas en Valencia\" class=\"wp-image-79765\" srcset=\"https:\/\/soccerinteraction.com\/wp-content\/uploads\/2023\/05\/fallas-valencia.jpg 900w, https:\/\/soccerinteraction.com\/wp-content\/uploads\/2023\/05\/fallas-valencia-300x200.jpg 300w, https:\/\/soccerinteraction.com\/wp-content\/uploads\/2023\/05\/fallas-valencia-768x512.jpg 768w, https:\/\/soccerinteraction.com\/wp-content\/uploads\/2023\/05\/fallas-valencia-280x187.jpg 280w\" sizes=\"(max-width: 900px) 100vw, 900px\" \/><\/figure>\n\n\n\n<h2 class=\"wp-block-heading\">Fiesta de las Fallas<\/h2>\n\n\n\n<p>La fiesta de Las Fallas es <strong>una de las mayores celebraciones del pa\u00eds<\/strong>. Tiene lugar en marzo, dura 3 semanas y termina el d\u00eda 19, que es la festividad de San Jos\u00e9, patr\u00f3n de los carpinteros. Durante la fiesta, <strong>cada barrio de la ciudad construye una escultura<\/strong> a gran escala que recibe el nombre de falla. Suelen representar o satirizar a figuras pol\u00edticas o iconos culturales. Las esculturas pueden alcanzar los 20 metros de altura y su construcci\u00f3n se prepara durante todo el a\u00f1o anterior.<\/p>\n\n\n\n<p>Durante las fiestas hay desfiles, fuegos artificiales, m\u00fasica en directo y muchas actividades en las calles de la ciudad. Valencia se llenan de visitantes que acuden a ver en persona las Fallas y a vivir el ambiente tanto por el d\u00eda como por la noche. La \u00faltima noche, conocida como la <strong>Nit de la Crema<\/strong>, las fallas se queman en enormes hogueras. La quema de estas simboliza la despedida de lo viejo y la bienvenida a lo nuevo.<\/p>\n\n\n\n<figure class=\"wp-block-image size-full\"><img decoding=\"async\" width=\"900\" height=\"600\" src=\"https:\/\/soccerinteraction.com\/wp-content\/uploads\/2023\/05\/fiesta-valencia.jpg\" alt=\"SIA Academy visit\u00f3 las Fallas en Valencia\" class=\"wp-image-79773\" srcset=\"https:\/\/soccerinteraction.com\/wp-content\/uploads\/2023\/05\/fiesta-valencia.jpg 900w, https:\/\/soccerinteraction.com\/wp-content\/uploads\/2023\/05\/fiesta-valencia-300x200.jpg 300w, https:\/\/soccerinteraction.com\/wp-content\/uploads\/2023\/05\/fiesta-valencia-768x512.jpg 768w, https:\/\/soccerinteraction.com\/wp-content\/uploads\/2023\/05\/fiesta-valencia-280x187.jpg 280w\" sizes=\"(max-width: 900px) 100vw, 900px\" \/><\/figure>\n\n\n\n<h3 class=\"wp-block-heading\">Patrimonio Inmaterial de la Humanidad por la Unesco<\/h3>\n\n\n\n<p>Desde el a\u00f1o 2016, la <strong>UNESCO reconoci\u00f3 a las Fallas de Valencia como Patrimonio Cultural Inmaterial de la Humanidad<\/strong>. Las tradiciones son esos elementos inmateriales que forman parte de nuestra cultura y tambi\u00e9n <strong>deben ser protegidos<\/strong> frente a la globalizaci\u00f3n. Esto es lo que pretende el programa de la UNESCO con casos hist\u00f3ricos como las fiestas valencianas.<\/p>\n\n\n\n<p>Las Fallas cumplen los <strong>cinco principales criterios establecidos<\/strong> por la UNESCO para su declaraci\u00f3n como Patrimonio Cultural Inmaterial de la humanidad: la compatibilidad con los <strong>derechos humanos<\/strong>, la apertura a cualquier grupo social; representaci\u00f3n de <strong>festivales de fuego<\/strong> que llaman la atenci\u00f3n sobre otros festivales del fuego nacionales e internacionales; destacan por la creatividad en las <strong>artes y oficios<\/strong>; existe una <strong>transmisi\u00f3n intergeneracional<\/strong> activa; y forman parte del <strong>patrimonio<\/strong> valenciano.<\/p>\n\n\n\n<figure class=\"wp-block-image size-full\"><img decoding=\"async\" width=\"900\" height=\"600\" src=\"https:\/\/soccerinteraction.com\/wp-content\/uploads\/2023\/05\/actividad-cultural.jpg\" alt=\"SIA Academy visit\u00f3 las Fallas en Valencia\" class=\"wp-image-79781\" srcset=\"https:\/\/soccerinteraction.com\/wp-content\/uploads\/2023\/05\/actividad-cultural.jpg 900w, https:\/\/soccerinteraction.com\/wp-content\/uploads\/2023\/05\/actividad-cultural-300x200.jpg 300w, https:\/\/soccerinteraction.com\/wp-content\/uploads\/2023\/05\/actividad-cultural-768x512.jpg 768w, https:\/\/soccerinteraction.com\/wp-content\/uploads\/2023\/05\/actividad-cultural-280x187.jpg 280w\" sizes=\"(max-width: 900px) 100vw, 900px\" \/><\/figure>\n\n\n\n<p>Origen de las Fallas<\/p>\n\n\n\n<p>Del origen de las Fallas <strong>hay muchas versiones<\/strong>. Una de las m\u00e1s conocidas es, sin lugar a duda, una antigua costumbre de los carpinteros que, en v\u00edsperas de la festividad de su patr\u00f3n, <strong>San Jos\u00e9, celebrada el 19 de marzo<\/strong>, quemaban trastos viejos a las puertas de los talleres para celebrar el fin del invierno.<\/p>\n\n\n\n<p>Otra de las teor\u00edas dice que esta pr\u00e1ctica proviene de tiempos inmemoriales. Desde la antigua tradici\u00f3n de poner fuegos artificiales para celebrar los equinoccios y los solsticios, es decir, <strong>los cambios de estaciones<\/strong>. Desde esta perspectiva, las fiestas vienen de una tradici\u00f3n unida siempre al fuego.<\/p>\n\n\n\n<figure class=\"wp-block-image size-full\"><img decoding=\"async\" width=\"900\" height=\"600\" src=\"https:\/\/soccerinteraction.com\/wp-content\/uploads\/2023\/05\/visita-mestalla.jpeg\" alt=\"SIA Academy visit\u00f3 las Fallas en Valencia\" class=\"wp-image-79789\" srcset=\"https:\/\/soccerinteraction.com\/wp-content\/uploads\/2023\/05\/visita-mestalla.jpeg 900w, https:\/\/soccerinteraction.com\/wp-content\/uploads\/2023\/05\/visita-mestalla-300x200.jpeg 300w, https:\/\/soccerinteraction.com\/wp-content\/uploads\/2023\/05\/visita-mestalla-768x512.jpeg 768w, https:\/\/soccerinteraction.com\/wp-content\/uploads\/2023\/05\/visita-mestalla-280x187.jpeg 280w\" sizes=\"(max-width: 900px) 100vw, 900px\" \/><\/figure>\n\n\n\n<h2 class=\"wp-block-heading\">Los jugadores de SIA Academy conocen las Fallas<\/h2>\n\n\n\n<p>SIA Academy se dedica a <strong>formar a sus jugadores<\/strong>, no s\u00f3lo en t\u00e9rminos futbol\u00edsticos sino tambi\u00e9n acad\u00e9micos. Los deportistas est\u00e1n concentrados en sus horarios de trabajo, entrenamientos, partidos, sesiones de gimnasio y estudios, por lo que es necesario <strong>descansar durante la semana<\/strong>. Por esta raz\u00f3n, realizan muchas actividades al aire libre.<\/p>\n\n\n\n<p>Una de estas actividades ha sido la visita a Valencia <strong>durante las celebraciones falleras<\/strong> de la ciudad. All\u00ed vieron los impresionantes fuegos artificiales, comieron comida tradicional de las Fallas como churros o chocolate caliente y al mismo tiempo pasearon por la ciudad viendo los monumentos. Los jugadores suelen participar en este tipo de actividades para distraerse de la apretada agenda semanal.<\/p>\n\n\n\n<figure class=\"wp-block-image size-full\"><img decoding=\"async\" width=\"900\" height=\"600\" src=\"https:\/\/soccerinteraction.com\/wp-content\/uploads\/2023\/05\/talleres-sia.jpg\" alt=\"SIA Academy visit\u00f3 las Fallas en Valencia\" class=\"wp-image-79797\" srcset=\"https:\/\/soccerinteraction.com\/wp-content\/uploads\/2023\/05\/talleres-sia.jpg 900w, https:\/\/soccerinteraction.com\/wp-content\/uploads\/2023\/05\/talleres-sia-300x200.jpg 300w, https:\/\/soccerinteraction.com\/wp-content\/uploads\/2023\/05\/talleres-sia-768x512.jpg 768w, https:\/\/soccerinteraction.com\/wp-content\/uploads\/2023\/05\/talleres-sia-280x187.jpg 280w\" sizes=\"(max-width: 900px) 100vw, 900px\" \/><\/figure>\n\n\n\n<h3 class=\"wp-block-heading\">Otras actividades realizadas por SIA Academy<\/h3>\n\n\n\n<p>Anteriormente, los jugadores de <strong>Soccer Inter-Action<\/strong> visitaron el estadio de <strong>Mestalla y la academia del Valencia CF<\/strong> en Paterna. Tambi\u00e9n realizaron un <strong>Escape Room<\/strong> para fortalecer su mente y sociabilizar con los compa\u00f1eros en otro contexto. Durante el verano se realizan excursiones en bicicleta por las monta\u00f1as o nadan en el lago cercano a la academia.<\/p>\n\n\n\n<p>El entrenamiento es una parte importante de la vida diaria de un deportista, pero <strong>el<\/strong> <strong>descanso es igualmente vital para crecer<\/strong>. Desde SIA Academy se controlan todos los aspectos para que el jugador rinda al m\u00e1ximo y se dan las herramientas para que esto sea as\u00ed.<\/p>\n\n\n\n<figure class=\"wp-block-image size-full\"><img decoding=\"async\" width=\"900\" height=\"600\" src=\"https:\/\/soccerinteraction.com\/wp-content\/uploads\/2023\/05\/actividad-verano.jpg\" alt=\"SIA Academy visit\u00f3 las Fallas en Valencia\" class=\"wp-image-79805\" srcset=\"https:\/\/soccerinteraction.com\/wp-content\/uploads\/2023\/05\/actividad-verano.jpg 900w, https:\/\/soccerinteraction.com\/wp-content\/uploads\/2023\/05\/actividad-verano-300x200.jpg 300w, https:\/\/soccerinteraction.com\/wp-content\/uploads\/2023\/05\/actividad-verano-768x512.jpg 768w, https:\/\/soccerinteraction.com\/wp-content\/uploads\/2023\/05\/actividad-verano-280x187.jpg 280w\" sizes=\"(max-width: 900px) 100vw, 900px\" \/><\/figure>\n\n\n\n<h3 class=\"wp-block-heading\">Talleres de formaci\u00f3n en nutrici\u00f3n o psicolog\u00eda<\/h3>\n\n\n\n<p>Adem\u00e1s de las actividades fuera de las instalaciones, dentro del d\u00eda a d\u00eda de los jugadores tambi\u00e9n <strong>se realizan formaciones y talleres<\/strong>, donde aprendan h\u00e1bitos para cuidarse. Una buena alimentaci\u00f3n y una adecuada mentalidad son necesarios para despu\u00e9s rendir en el terreno de juego.<\/p>\n\n\n\n<p>El staff de profesionales en SIA Academy permite llevar un control de cada jugador en este sentido y dotarles de <strong>los recursos que necesiten para optimizar su rendimiento<\/strong>. As\u00ed, todos los aspectos est\u00e1n controlados, tanto los entrenamientos como el cuidado personal.<\/p>\n","protected":false},"excerpt":{"rendered":"<p>Fallas con SIA Academy<\/p>\n","protected":false},"author":1,"featured_media":79756,"comment_status":"open","ping_status":"closed","sticky":false,"template":"","format":"standard","meta":[],"categories":[21,147],"tags":[],"_links":{"self":[{"href":"https:\/\/soccerinteraction.com\/es\/wp-json\/wp\/v2\/posts\/79745"}],"collection":[{"href":"https:\/\/soccerinteraction.com\/es\/wp-json\/wp\/v2\/posts"}],"about":[{"href":"https:\/\/soccerinteraction.com\/es\/wp-json\/wp\/v2\/types\/post"}],"author":[{"embeddable":true,"href":"https:\/\/soccerinteraction.com\/es\/wp-json\/wp\/v2\/users\/1"}],"replies":[{"embeddable":true,"href":"https:\/\/soccerinteraction.com\/es\/wp-json\/wp\/v2\/comments?post=79745"}],"version-history":[{"count":0,"href":"https:\/\/soccerinteraction.com\/es\/wp-json\/wp\/v2\/posts\/79745\/revisions"}],"wp:featuredmedia":[{"embeddable":true,"href":"https:\/\/soccerinteraction.com\/es\/wp-json\/wp\/v2\/media\/79756"}],"wp:attachment":[{"href":"https:\/\/soccerinteraction.com\/es\/wp-json\/wp\/v2\/media?parent=79745"}],"wp:term":[{"taxonomy":"category","embeddable":true,"href":"https:\/\/soccerinteraction.com\/es\/wp-json\/wp\/v2\/categories?post=79745"},{"taxonomy":"post_tag","embeddable":true,"href":"https:\/\/soccerinteraction.com\/es\/wp-json\/wp\/v2\/tags?post=79745"}],"curies":[{"name":"wp","href":"https:\/\/api.w.org\/{rel}","templated":true}]}}