{"id":7016,"date":"2019-01-08T09:34:54","date_gmt":"2019-01-08T09:34:54","guid":{"rendered":"https:\/\/soccerinteraction.com\/?p=7016"},"modified":"2020-12-16T12:52:01","modified_gmt":"2020-12-16T12:52:01","slug":"lleida-esportiu-concentrado-centro-alto-rendimiento","status":"publish","type":"post","link":"https:\/\/soccerinteraction.com\/es\/lleida-esportiu-concentrado-centro-alto-rendimiento","title":{"rendered":"El Lleida Esportiu se concentra en el Centro De Alto Rendimiento"},"content":{"rendered":"<p><em>Uno de los clubes referencia de la <strong>Segunda Divisi\u00f3n B<\/strong>&nbsp; vuelve a concentrarse en&nbsp; SIA para preparar su importante partido de Liga.<\/em><\/p>\n<p>El LLeida no quiere que se quede ning\u00fan cabo suelto y se preocupa de que todo est\u00e9 controlado y&nbsp; planificado para el primer d\u00eda de entrenamiento (y sucesivos). En estas fechas previas, es frecuente observar diversas planificaciones de diferentes entrenadores. Estrategias de c\u00f3mo afrontar sus partidos decisivos.<\/p>\n<h2><strong>C\u00f3mo va el lleida en la clasificaci\u00f3n de liga<\/strong><\/h2>\n<p>Temporada para so\u00f1ar por todo lo alto es la que tiene a\u00fan por delante el Club Lleida Esportiu. Y es que el combinado catal\u00e1n se encuentra metido de lleno en la batalla por el ascenso a Segunda Divisi\u00f3n y todo parece indicar que no van a rendirse hasta conseguir este ansiado objetivo. Es por esta raz\u00f3n que afrontar cada partido como una final es vital para los intereses de un <strong>Lleida Esportiu<\/strong> que arranc\u00f3 el a\u00f1o 2019 visitando el siempre complicado campo de f\u00fatbol del <strong>Ontinyent CF<\/strong>.<\/p>\n<h3><strong>C\u00f3mo prepara su partido de liga<\/strong><\/h3>\n<p>No es lo mismo la planificaci\u00f3n que gira en torno a la pretemporada y la planificaci\u00f3n de la competici\u00f3n de la temporada.&nbsp;<strong>La temporada se&nbsp; planifica microciclo a microciclo<\/strong>, en base a&nbsp; las necesidades que le van surgiendo al equipo y las carencias que se muestran durante la competici\u00f3n.<\/p>\n<p>Para ello, toda precauci\u00f3n es poca y el descanso se convierte en primordial, por lo que no dudaron en volver a confiar en los servicios y recursos de Soccer Inter-Action. De hecho, este fin de semana se encadenaron dos eventos muy a tener en cuenta, ya que adem\u00e1s del Stage del Lleida tambi\u00e9n fue la conclusi\u00f3n del Campus de F\u00fatbol. Un campamento de invierno que en las \u00faltimas semanas ha sido un gran \u00e9xito y que el s\u00e1bado ech\u00f3 el cierre hasta el pr\u00f3ximo Campus de Pascua y Semana Santa. De esta forma, los integrantes del Lleida vieron a su llegado c\u00f3mo los cracks internados en el <strong>Centro De Alto Rendimiento<\/strong> daban sus \u00faltimos pasos antes de marcharse y afrontar el resto de sus competitivas ligas.<\/p>\n<h2><strong>\u00bfQu\u00e9 servicios tiene un equipo de f\u00fatbol en el complejo deportivo?<\/strong><\/h2>\n<p>Las insnstalaciones deportivas en el resort y en las inmediaciones:<\/p>\n<p>-Centro Alto rendimiento deportivo con servicio de enfermer\u00eda, fisioterapia y seguimiento m\u00e9dico.<br \/>\n-Fitness con maquinaria Lifefitness.<br \/>\n-Sala de actividades dirigidas.<br \/>\n-Sala de bicicleta indoor.<br \/>\n-Piscina&nbsp; 25 metros<br \/>\n-Ba\u00f1eras de hiel<br \/>\n<strong>-Campo y medio de c\u00e9sped natural De f\u00fatbol reglamentario con vestuarios y gradas y Restaurante.<\/strong><\/p>\n<p>-Otro campo de hierba artificial.<\/p>\n<p>-Hotel y suits a pie de campo.<\/p>\n<p>-Sala visionado de videos, partidos.<\/p>\n<p>-Sala reuniones.<\/p>\n<p><img decoding=\"async\" class=\"alignnone size-full wp-image-7079\" src=\"https:\/\/soccerinteraction.com\/wp-content\/uploads\/2019\/01\/restaurante-Centro-Deportivo-Soccer-Inter-Action.jpg\" alt=\"concentracion lleida esportiu\" width=\"960\" height=\"720\" srcset=\"https:\/\/soccerinteraction.com\/wp-content\/uploads\/2019\/01\/restaurante-Centro-Deportivo-Soccer-Inter-Action.jpg 960w, https:\/\/soccerinteraction.com\/wp-content\/uploads\/2019\/01\/restaurante-Centro-Deportivo-Soccer-Inter-Action-600x450.jpg 600w, https:\/\/soccerinteraction.com\/wp-content\/uploads\/2019\/01\/restaurante-Centro-Deportivo-Soccer-Inter-Action-300x225.jpg 300w, https:\/\/soccerinteraction.com\/wp-content\/uploads\/2019\/01\/restaurante-Centro-Deportivo-Soccer-Inter-Action-768x576.jpg 768w, https:\/\/soccerinteraction.com\/wp-content\/uploads\/2019\/01\/restaurante-Centro-Deportivo-Soccer-Inter-Action-249x187.jpg 249w\" sizes=\"(max-width: 960px) 100vw, 960px\" \/><\/p>\n<p>&nbsp;<\/p>\n<h3><strong>\u00bfQu\u00e9 eventos se celebraron en la instalaci\u00f3n deportiva?<\/strong><\/h3>\n<p>Sin embargo, el plato fuerte fue sin duda el Stage del Lleida Esportiu. La entidad catalana puso la guinda a unas semanas de mucho f\u00fatbol con una concentraci\u00f3n que a la postre termin\u00f3 tambi\u00e9n con el deber hecho de sumar. Y es que los jugadores que dirige el entrenador Gerard Albadalejo, que la temporada pasada ya estuvo en SIA Center aunque como asistente t\u00e9cnico, consiguieron un valioso punto en su partido contra el Ontinyent CF gracias al resultado de empate a cero. El partido no tuvo muchas ocasiones claras de gol pero la m\u00e1s clara fue para el conjunto valenciano por medio de un penalti que detuvo Pau Torres. Los visitantes intentaron hacer da\u00f1o por las bandas pero no pudieron derribar el muro defensivo local.<\/p>\n<p><img decoding=\"async\" class=\"alignnone size-full wp-image-7086\" src=\"https:\/\/soccerinteraction.com\/wp-content\/uploads\/2019\/01\/sala-de-video-.jpg\" alt=\"sala de video\" width=\"960\" height=\"720\" srcset=\"https:\/\/soccerinteraction.com\/wp-content\/uploads\/2019\/01\/sala-de-video-.jpg 960w, https:\/\/soccerinteraction.com\/wp-content\/uploads\/2019\/01\/sala-de-video--600x450.jpg 600w, https:\/\/soccerinteraction.com\/wp-content\/uploads\/2019\/01\/sala-de-video--300x225.jpg 300w, https:\/\/soccerinteraction.com\/wp-content\/uploads\/2019\/01\/sala-de-video--768x576.jpg 768w, https:\/\/soccerinteraction.com\/wp-content\/uploads\/2019\/01\/sala-de-video--249x187.jpg 249w\" sizes=\"(max-width: 960px) 100vw, 960px\" \/><\/p>\n<p><b>FICHA T\u00c9CNICA:<\/b><\/p>\n<p><b>Ontinyent CF:<\/b> Craviotto, Soler, Fuster, Enrique, Julen, Alex Felip, \u00c1lvaro Clausi (Zarzo, 60\u2019), Juanan, Torres, Fran Machado y Tito (Llor, 77\u2019).<\/p>\n<p><b>Lleida Esportiu:<\/b> Pau Torres, Dalmau, Joan Oriol, Albistegi, C\u00e9sar Soriano, Trilles, Fernando Cano, Xemi (Noel Carbonell, 84\u2019), Pedro Mart\u00edn, Juanto (Quintero, 68\u2019) y Musa (Artiles, 68\u2019).<\/p>\n<p><b>\u00c1rbitro:<\/b> Chavet Garc\u00eda: Amonest\u00f3 a David Torres, Fuster, Tito y Juanan por parte local y a Marc Trilles por parte visitante.<\/p>\n<p>&nbsp;<\/p>\n<p style=\"text-align: center;\"><em>Foto grupo del stage y fotos del partido<\/em><\/p>\n<style type=\"text\/css\">\n\t\t\t\t#gallery-1 {\n\t\t\t\t\tmargin: auto;\n\t\t\t\t}\n\t\t\t\t#gallery-1 .gallery-item {\n\t\t\t\t\tfloat: left;\n\t\t\t\t\tmargin-top: 10px;\n\t\t\t\t\ttext-align: center;\n\t\t\t\t\twidth: 25%;\n\t\t\t\t}\n\t\t\t\t#gallery-1 .gallery-caption {\n\t\t\t\t\tmargin-left: 0;\n\t\t\t\t}\n\t\t\t<\/style><!-- see gallery_shortcode() in wp-includes\/media.php -->\n\t\t\t\n\t\t<div id=\"gallery-1\" class=\"gallery galleryid-7016 mfp-gallery mfp-gallery--images gallery-columns-4 gallery-size-thumbnail\"><div class=\"row zn_image_gallery \"><div class=\"col-sm-6 col-md-4 col-lg-3\"><a href=\"https:\/\/soccerinteraction.com\/wp-content\/uploads\/2019\/01\/equipo-lleida-esportiu-10.jpeg\" title=\"\" class=\"hoverBorder\"><img width=\"150\" height=\"150\" src=\"https:\/\/soccerinteraction.com\/wp-content\/uploads\/2019\/01\/equipo-lleida-esportiu-10-150x150.jpeg\" class=\"attachment-thumbnail size-thumbnail\" alt=\"LLeida Esportiu\" decoding=\"async\" columns=\"4\" ids=\"7017,7045,7059,7052\" orderby=\"rand\" include=\"7017,7045,7059,7052\" srcset=\"https:\/\/soccerinteraction.com\/wp-content\/uploads\/2019\/01\/equipo-lleida-esportiu-10-150x150.jpeg 150w, https:\/\/soccerinteraction.com\/wp-content\/uploads\/2019\/01\/equipo-lleida-esportiu-10-300x300.jpeg 300w, https:\/\/soccerinteraction.com\/wp-content\/uploads\/2019\/01\/equipo-lleida-esportiu-10-100x100.jpeg 100w\" sizes=\"(max-width: 150px) 100vw, 150px\" \/><span class=\"gallery_caption\"><\/span><\/a><\/div><div class=\"col-sm-6 col-md-4 col-lg-3\"><a href=\"https:\/\/soccerinteraction.com\/wp-content\/uploads\/2019\/01\/equipo-lleida-esportiu-15.jpg\" title=\"\" class=\"hoverBorder\"><img width=\"150\" height=\"150\" src=\"https:\/\/soccerinteraction.com\/wp-content\/uploads\/2019\/01\/equipo-lleida-esportiu-15-150x150.jpg\" class=\"attachment-thumbnail size-thumbnail\" alt=\"Partido segunda divisi\u00f3n B\" decoding=\"async\" columns=\"4\" ids=\"7017,7045,7059,7052\" orderby=\"rand\" include=\"7017,7045,7059,7052\" srcset=\"https:\/\/soccerinteraction.com\/wp-content\/uploads\/2019\/01\/equipo-lleida-esportiu-15-150x150.jpg 150w, https:\/\/soccerinteraction.com\/wp-content\/uploads\/2019\/01\/equipo-lleida-esportiu-15-300x300.jpg 300w, https:\/\/soccerinteraction.com\/wp-content\/uploads\/2019\/01\/equipo-lleida-esportiu-15-100x100.jpg 100w\" sizes=\"(max-width: 150px) 100vw, 150px\" \/><span class=\"gallery_caption\"><\/span><\/a><\/div><div class=\"col-sm-6 col-md-4 col-lg-3\"><a href=\"https:\/\/soccerinteraction.com\/wp-content\/uploads\/2019\/01\/equipo-lleida-esportiu-14.jpg\" title=\"\" class=\"hoverBorder\"><img width=\"150\" height=\"150\" src=\"https:\/\/soccerinteraction.com\/wp-content\/uploads\/2019\/01\/equipo-lleida-esportiu-14-150x150.jpg\" class=\"attachment-thumbnail size-thumbnail\" alt=\"partido de liga Lleida esportiu\" decoding=\"async\" columns=\"4\" ids=\"7017,7045,7059,7052\" orderby=\"rand\" include=\"7017,7045,7059,7052\" srcset=\"https:\/\/soccerinteraction.com\/wp-content\/uploads\/2019\/01\/equipo-lleida-esportiu-14-150x150.jpg 150w, https:\/\/soccerinteraction.com\/wp-content\/uploads\/2019\/01\/equipo-lleida-esportiu-14-300x300.jpg 300w, https:\/\/soccerinteraction.com\/wp-content\/uploads\/2019\/01\/equipo-lleida-esportiu-14-100x100.jpg 100w\" sizes=\"(max-width: 150px) 100vw, 150px\" \/><span class=\"gallery_caption\"><\/span><\/a><\/div><div class=\"col-sm-6 col-md-4 col-lg-3\"><a href=\"https:\/\/soccerinteraction.com\/wp-content\/uploads\/2019\/01\/equipo-lleida-esportiu-16.jpg\" title=\"\" class=\"hoverBorder\"><img width=\"150\" height=\"150\" src=\"https:\/\/soccerinteraction.com\/wp-content\/uploads\/2019\/01\/equipo-lleida-esportiu-16-150x150.jpg\" class=\"attachment-thumbnail size-thumbnail\" alt=\"partido de f\u00fatbol Lleida\" decoding=\"async\" columns=\"4\" ids=\"7017,7045,7059,7052\" orderby=\"rand\" include=\"7017,7045,7059,7052\" srcset=\"https:\/\/soccerinteraction.com\/wp-content\/uploads\/2019\/01\/equipo-lleida-esportiu-16-150x150.jpg 150w, https:\/\/soccerinteraction.com\/wp-content\/uploads\/2019\/01\/equipo-lleida-esportiu-16-300x300.jpg 300w, https:\/\/soccerinteraction.com\/wp-content\/uploads\/2019\/01\/equipo-lleida-esportiu-16-100x100.jpg 100w\" sizes=\"(max-width: 150px) 100vw, 150px\" \/><span class=\"gallery_caption\"><\/span><\/a><\/div><\/div><\/div>\n","protected":false},"excerpt":{"rendered":"<p>Uno de los clubes referencia de la Segunda Divisi\u00f3n B&nbsp; vuelve a concentrarse en&nbsp; SIA para preparar su importante partido de Liga. El LLeida no quiere que se quede ning\u00fan cabo suelto y se preocupa de que todo est\u00e9 controlado y&nbsp; planificado para el primer d\u00eda de entrenamiento (y sucesivos). En estas fechas previas, es<\/p>\n","protected":false},"author":1,"featured_media":7038,"comment_status":"open","ping_status":"open","sticky":false,"template":"","format":"standard","meta":[],"categories":[1,14],"tags":[],"_links":{"self":[{"href":"https:\/\/soccerinteraction.com\/es\/wp-json\/wp\/v2\/posts\/7016"}],"collection":[{"href":"https:\/\/soccerinteraction.com\/es\/wp-json\/wp\/v2\/posts"}],"about":[{"href":"https:\/\/soccerinteraction.com\/es\/wp-json\/wp\/v2\/types\/post"}],"author":[{"embeddable":true,"href":"https:\/\/soccerinteraction.com\/es\/wp-json\/wp\/v2\/users\/1"}],"replies":[{"embeddable":true,"href":"https:\/\/soccerinteraction.com\/es\/wp-json\/wp\/v2\/comments?post=7016"}],"version-history":[{"count":0,"href":"https:\/\/soccerinteraction.com\/es\/wp-json\/wp\/v2\/posts\/7016\/revisions"}],"wp:featuredmedia":[{"embeddable":true,"href":"https:\/\/soccerinteraction.com\/es\/wp-json\/wp\/v2\/media\/7038"}],"wp:attachment":[{"href":"https:\/\/soccerinteraction.com\/es\/wp-json\/wp\/v2\/media?parent=7016"}],"wp:term":[{"taxonomy":"category","embeddable":true,"href":"https:\/\/soccerinteraction.com\/es\/wp-json\/wp\/v2\/categories?post=7016"},{"taxonomy":"post_tag","embeddable":true,"href":"https:\/\/soccerinteraction.com\/es\/wp-json\/wp\/v2\/tags?post=7016"}],"curies":[{"name":"wp","href":"https:\/\/api.w.org\/{rel}","templated":true}]}}