{"id":6024,"date":"2018-12-18T08:55:13","date_gmt":"2018-12-18T08:55:13","guid":{"rendered":"https:\/\/soccerinteraction.com\/?p=6024"},"modified":"2021-12-15T19:32:39","modified_gmt":"2021-12-15T19:32:39","slug":"la-seleccion-comarcal-valenciana-sub-15-echa-a-rodar-con-presencia-de-fc-porto-dragon-force","status":"publish","type":"post","link":"https:\/\/soccerinteraction.com\/es\/la-seleccion-comarcal-valenciana-sub-15-echa-a-rodar-con-presencia-de-fc-porto-dragon-force","title":{"rendered":"SELECCI\u00d3N COMARCAL VALENCIANA SUB-15 CON PORTO DRAGON FORCE"},"content":{"rendered":"<p>Nuestra<span style=\"color: #3366ff;\"><strong><a style=\"color: #3366ff;\" href=\"https:\/\/soccerinteraction.com\/es\/fc-porto-prueba-jugadores-escuela-valencia\"> Escuela de F\u00fatbol de Valencia<\/a><\/strong><\/span> tuvo ayer lunes representaci\u00f3n en el partido amistoso de la Selecci\u00f3n con la actuaci\u00f3n bajo los palos de Donis.<\/p>\n<p><img decoding=\"async\" class=\"alignnone wp-image-6028 size-large\" src=\"https:\/\/soccerinteraction.com\/wp-content\/uploads\/2018\/12\/Seleccion-valenciana-sub-15-dragon-force-1-1024x768.jpg\" alt=\"Convocados por la Selecci\u00f3n Valenciana Comarcal\" width=\"960\" height=\"720\" srcset=\"https:\/\/soccerinteraction.com\/wp-content\/uploads\/2018\/12\/Seleccion-valenciana-sub-15-dragon-force-1-1024x768.jpg 1024w, https:\/\/soccerinteraction.com\/wp-content\/uploads\/2018\/12\/Seleccion-valenciana-sub-15-dragon-force-1-600x450.jpg 600w, https:\/\/soccerinteraction.com\/wp-content\/uploads\/2018\/12\/Seleccion-valenciana-sub-15-dragon-force-1-300x225.jpg 300w, https:\/\/soccerinteraction.com\/wp-content\/uploads\/2018\/12\/Seleccion-valenciana-sub-15-dragon-force-1-768x576.jpg 768w, https:\/\/soccerinteraction.com\/wp-content\/uploads\/2018\/12\/Seleccion-valenciana-sub-15-dragon-force-1-249x187.jpg 249w, https:\/\/soccerinteraction.com\/wp-content\/uploads\/2018\/12\/Seleccion-valenciana-sub-15-dragon-force-1.jpg 1170w\" sizes=\"(max-width: 960px) 100vw, 960px\" \/><\/p>\n<p>Es tiempo para preparar los importantes torneos de verano y en la Federaci\u00f3n Valenciana de F\u00fatbol lo saben bien. Por esta raz\u00f3n no se<br \/>\nest\u00e1n haciendo de esperar las convocatorias comarcales de la Selecci\u00f3n Valenciana para ve<strong><span style=\"color: #3366ff;\">r<\/span> <a href=\"https:\/\/soccerinteraction.com\/es\/fc-porto-observacion-jovenes-talentos\">jugadores destacados<\/a> <\/strong>que puedan encajar en los esquemas de los t\u00e9cnicos. Ayer lunes 17 de diciembre fue el caso de la Selecci\u00f3n Sub-15 de Juan P\u00e9rez Sarri\u00f3n, seleccionador que<\/p>\n<p>incluy\u00f3 en la lista de los 17 seleccionados a Donis, portero del Cadete B de nuestra<span style=\"color: #3366ff;\"><strong><a style=\"color: #3366ff;\" href=\"https:\/\/soccerinteraction.com\/es\/fc-porto-scouting-talento-escuela-futbol-espana\"> Escuela de F\u00fatbol en Espa\u00f1a<\/a><\/strong><\/span>: Dragon Force.<\/p>\n<p><img decoding=\"async\" class=\"alignnone wp-image-6035 size-large\" src=\"https:\/\/soccerinteraction.com\/wp-content\/uploads\/2018\/12\/Seleccion-valenciana-sub-15-dragon-force-2-576x1024.jpg\" alt=\"Donis Portero del Cadete B de FC Porto Dragon Force\" width=\"576\" height=\"1024\" srcset=\"https:\/\/soccerinteraction.com\/wp-content\/uploads\/2018\/12\/Seleccion-valenciana-sub-15-dragon-force-2.jpg 576w, https:\/\/soccerinteraction.com\/wp-content\/uploads\/2018\/12\/Seleccion-valenciana-sub-15-dragon-force-2-600x1067.jpg 600w, https:\/\/soccerinteraction.com\/wp-content\/uploads\/2018\/12\/Seleccion-valenciana-sub-15-dragon-force-2-169x300.jpg 169w, https:\/\/soccerinteraction.com\/wp-content\/uploads\/2018\/12\/Seleccion-valenciana-sub-15-dragon-force-2-768x1365.jpg 768w, https:\/\/soccerinteraction.com\/wp-content\/uploads\/2018\/12\/Seleccion-valenciana-sub-15-dragon-force-2-105x187.jpg 105w\" sizes=\"(max-width: 576px) 100vw, 576px\" \/><\/p>\n<p>Donis Pla Hernandis (C\u00e0rcer, 3 de marzo de 2004) ha entrado con fuerza en<span style=\"color: #3366ff;\"><strong><a style=\"color: #3366ff;\" href=\"https:\/\/soccerinteraction.com\/es\/scouting-escuela-futbol-fc-porto\"> FC Porto Dragon Force<\/a><\/strong><\/span>. Despu\u00e9s de estar enrolado en varios Campus de f\u00fatbol organizados por Soccer Inter-Action y el club luso, el guardameta ha formado ya de forma oficial parte esta temporada de nuestr<a href=\"https:\/\/soccerinteraction.com\/es\/soccer-inter-action-sigue-nutriendo-jovenes-promesas-al-fc-porto\">a <span style=\"color: #3366ff;\"><strong>Escuela de F\u00fatbol<\/strong><\/span><\/a> y lo ha hecho debutando de gran manera. Y es que se encuentra en uno de los equipos m\u00e1s en forma de la entidad, pues el Cadete B que dirige Santi Herv\u00e1s es tras 10 jornadas disputadas primero con 27 puntos, habiendo contado todos sus partidos jugados con victoria.<br \/>\nAdem\u00e1s, Donis, junto con su compa\u00f1ero bajo palos Borja Chirleu -que tambi\u00e9n sabe ya lo que es formar parte de la Selecci\u00f3n Valenciana- han permitido al Cadete B de <span style=\"color: #3366ff;\"><strong><a style=\"color: #3366ff;\" href=\"https:\/\/soccerinteraction.com\/es\/cazatalentos-fc-porto-pruebas-de-futbol\">Dragon Force<\/a><\/strong><\/span> ser el conjunto menos goleado despu\u00e9s de haber encajado s\u00f3lo seis tantos.<\/p>\n<h2>CONVOCADOS POR LA SELECCION VALENCIANA DE FUTBOL<\/h2>\n<p>Con todo ello, Donis, al que destacamos hace unas semanas en nuestras Redes Sociales gracias a su gran parada en un penalti, demostr\u00f3 ayer lo que es capaz en un entrenamiento\/partido amistoso celebrado a las 18.30 horas en la localidad de Carcaixent y que acab\u00f3 con victoria de la Valenciana por 2-0. El resto de convocados para la ya mencionada cita fueron: Joel Rubio Marques, Hugo Orihuel, Nacho Ferri, Cristian Osca, Jorge Serafi, Vicent Sami, Oscar Garc\u00eda Moreno, Antoni Bataller, Marc Ripoll Mateu, Josep Marcilla Vercher,\u00a0 Jonathan Moreno, Ausias Mocho, Nico Jara Paj\u00f3n, \u00c1ngel del Pozo Gil, Ra\u00fal Gonz\u00e1lez y \u00d3scar Genovard Cobo.<\/p>\n<p><img decoding=\"async\" class=\"alignnone wp-image-6056 size-full\" src=\"https:\/\/soccerinteraction.com\/wp-content\/uploads\/2018\/12\/Seleccion-valenciana-sub-15-dragon-force-5.jpg\" alt=\"Jugadores de FC Porto Dragon Force convocados por la Selecci\u00f3n valenciana de F\u00fatbol\" width=\"973\" height=\"683\" srcset=\"https:\/\/soccerinteraction.com\/wp-content\/uploads\/2018\/12\/Seleccion-valenciana-sub-15-dragon-force-5.jpg 973w, https:\/\/soccerinteraction.com\/wp-content\/uploads\/2018\/12\/Seleccion-valenciana-sub-15-dragon-force-5-600x421.jpg 600w, https:\/\/soccerinteraction.com\/wp-content\/uploads\/2018\/12\/Seleccion-valenciana-sub-15-dragon-force-5-300x211.jpg 300w, https:\/\/soccerinteraction.com\/wp-content\/uploads\/2018\/12\/Seleccion-valenciana-sub-15-dragon-force-5-768x539.jpg 768w, https:\/\/soccerinteraction.com\/wp-content\/uploads\/2018\/12\/Seleccion-valenciana-sub-15-dragon-force-5-266x187.jpg 266w\" sizes=\"(max-width: 973px) 100vw, 973px\" \/><\/p>\n<p>De esta manera, el nombre de Donis Pla se suma los de Andreu Bataller, Joel Pellicer, Marta Perales, Pedro Santos y Edgar Fita como futbolistas que en\u00a0estos meses de curso ya se han vestido con los colores de la Selecci\u00f3n Valenciana.<\/p>\n<p style=\"text-align: center;\"><span style=\"color: #0000ff;\"><a style=\"color: #0000ff;\" href=\"https:\/\/www.facebook.com\/dragonforcevalencia\/videos\/968784466646629\/?__xts__[0]=68.ARD-cVT7_rYagXOAZxHM0n9FHfZrA7CtuE_4F88orhbzAXb-QLYZFG2Ag-c4TbjGJPQWaHszhBSGZOAz_2uJ7pLMjgNd5eeOQozKoJ80RLO1LWMcIEhQGDThnZ85Mh3Lwn4EH1i4OX0reUIKmgHf_cgGp9Cux_Vifi4nlxyDR7MZQR1Uo6C7U_jBTCZycjCoWAzGn0jnh2WF7FHia909HWJp-Nl35NabGOofeNLKOIEDZZmBTCKS1ym7lacsQzLPDYNQzaQ2B-e8P8mD5YawUcVwGxfdM-lYl_moUImW58pO_fSxyU44RM4hsFFK8zEwrcl3th8iToR2NtnQ8lRFcRGfkWTp6XbXLrk&amp;__tn__=-R\" target=\"_blank\" rel=\"nofollow noopener\">Parada de Donis<\/a><\/span><\/p>\n","protected":false},"excerpt":{"rendered":"<p>Nuestra Escuela de F\u00fatbol de Valencia tuvo ayer lunes representaci\u00f3n en el partido amistoso de la Selecci\u00f3n con la actuaci\u00f3n bajo los palos de Donis. Es tiempo para preparar los importantes torneos de verano y en la Federaci\u00f3n Valenciana de F\u00fatbol lo saben bien. Por esta raz\u00f3n no se est\u00e1n haciendo de esperar las convocatorias<\/p>\n","protected":false},"author":1,"featured_media":6049,"comment_status":"open","ping_status":"open","sticky":false,"template":"","format":"standard","meta":[],"categories":[1,150],"tags":[],"_links":{"self":[{"href":"https:\/\/soccerinteraction.com\/es\/wp-json\/wp\/v2\/posts\/6024"}],"collection":[{"href":"https:\/\/soccerinteraction.com\/es\/wp-json\/wp\/v2\/posts"}],"about":[{"href":"https:\/\/soccerinteraction.com\/es\/wp-json\/wp\/v2\/types\/post"}],"author":[{"embeddable":true,"href":"https:\/\/soccerinteraction.com\/es\/wp-json\/wp\/v2\/users\/1"}],"replies":[{"embeddable":true,"href":"https:\/\/soccerinteraction.com\/es\/wp-json\/wp\/v2\/comments?post=6024"}],"version-history":[{"count":0,"href":"https:\/\/soccerinteraction.com\/es\/wp-json\/wp\/v2\/posts\/6024\/revisions"}],"wp:featuredmedia":[{"embeddable":true,"href":"https:\/\/soccerinteraction.com\/es\/wp-json\/wp\/v2\/media\/6049"}],"wp:attachment":[{"href":"https:\/\/soccerinteraction.com\/es\/wp-json\/wp\/v2\/media?parent=6024"}],"wp:term":[{"taxonomy":"category","embeddable":true,"href":"https:\/\/soccerinteraction.com\/es\/wp-json\/wp\/v2\/categories?post=6024"},{"taxonomy":"post_tag","embeddable":true,"href":"https:\/\/soccerinteraction.com\/es\/wp-json\/wp\/v2\/tags?post=6024"}],"curies":[{"name":"wp","href":"https:\/\/api.w.org\/{rel}","templated":true}]}}