{"id":36624,"date":"2021-09-02T21:01:14","date_gmt":"2021-09-02T21:01:14","guid":{"rendered":"https:\/\/soccerinteraction.com\/?p=36624"},"modified":"2021-10-28T14:09:46","modified_gmt":"2021-10-28T14:09:46","slug":"seleccion-de-uruguay","status":"publish","type":"post","link":"https:\/\/soccerinteraction.com\/es\/seleccion-de-uruguay","title":{"rendered":"Seleccion de Uruguay"},"content":{"rendered":"\n<h2 class=\"wp-block-heading\"><strong>La selecci\u00f3n de Uruguay sub-17, en las instalaciones de SIA<\/strong><\/h2>\n\n\n\n<p>Muchos equipos y selecciones optan por hospedarse en <strong>las instalaciones de Soccer Inter-Action <\/strong>para disputar los campeonatos que se organizan en la Comunidad Valenciana. <strong>La selecci\u00f3n de Uruguay sub-17<\/strong>, participante en el <strong><a href=\"https:\/\/soccerinteraction.com\/es\/cotif-torneo-internacional-de-futbol-de-valencia\" target=\"_blank\" rel=\"noreferrer noopener\">COTIF 2021<\/a><\/strong>, ha podido disfrutar de las comodidades de SIA en su periplo en Espa\u00f1a.<\/p>\n\n\n\n<h2 class=\"wp-block-heading\"><strong>\u00bfC\u00f3mo ha rendido Uruguay en el COTIF?<\/strong><\/h2>\n\n\n\n<p>El periplo de la <strong>selecci\u00f3n de Uruguay sub-17<\/strong> en el <strong>COTIF<\/strong> ha resultado muy beneficioso. Tras entrenar en las instalaciones de SIA Academy y haberse adaptado al horario espa\u00f1ol gracias a unos d\u00edas de descanso en Enguera, los charr\u00faas debutaban ante el Levante UD.<\/p>\n\n\n\n<figure class=\"wp-block-image size-large\"><img decoding=\"async\" width=\"600\" height=\"400\" src=\"https:\/\/soccerinteraction.com\/wp-content\/uploads\/2021\/09\/entrenamiento-uruguay-sia.jpg\" alt=\"Uruguay en el COTIF\" class=\"wp-image-36634\" srcset=\"https:\/\/soccerinteraction.com\/wp-content\/uploads\/2021\/09\/entrenamiento-uruguay-sia.jpg 600w, https:\/\/soccerinteraction.com\/wp-content\/uploads\/2021\/09\/entrenamiento-uruguay-sia-300x200.jpg 300w, https:\/\/soccerinteraction.com\/wp-content\/uploads\/2021\/09\/entrenamiento-uruguay-sia-280x187.jpg 280w\" sizes=\"(max-width: 600px) 100vw, 600px\" \/><\/figure>\n\n\n\n<p>El inicio de <strong>Uruguay<\/strong> frente al Levante Uni\u00f3n Deportiva no pudo ser mejor. Anotaba el primer tanto Anderson Duarte en el minuto 6, mientras que el propio Duarte se encargaba de doblar la renta en el 23\u2019. Primer triunfo del combinado hospedado en las instalaciones de SIA.<\/p>\n\n\n\n<p>Dos d\u00edas despu\u00e9s, <strong>Uruguay sub-17<\/strong> se med\u00eda ante una UD Alzira que dispuso de una gran masa social detr\u00e1s al jugar en su localidad. Como no pod\u00eda ser de otra forma, ambos mostraron gran garra y esfuerzo, en un partido muy intenso. Finalmente, en el 73\u2019, los valencianos pusieron el 1-0 definitivo y provocaron la primera derrota de <strong>la selecci\u00f3n uruguaya<\/strong>.<\/p>\n\n\n\n<figure class=\"wp-block-image size-large\"><img decoding=\"async\" width=\"600\" height=\"400\" src=\"https:\/\/soccerinteraction.com\/wp-content\/uploads\/2021\/09\/instalaciones-sia-uruguay.jpg\" alt=\"Uruguay en el COTIF\" class=\"wp-image-36642\" srcset=\"https:\/\/soccerinteraction.com\/wp-content\/uploads\/2021\/09\/instalaciones-sia-uruguay.jpg 600w, https:\/\/soccerinteraction.com\/wp-content\/uploads\/2021\/09\/instalaciones-sia-uruguay-300x200.jpg 300w, https:\/\/soccerinteraction.com\/wp-content\/uploads\/2021\/09\/instalaciones-sia-uruguay-280x187.jpg 280w\" sizes=\"(max-width: 600px) 100vw, 600px\" \/><\/figure>\n\n\n\n<p>En la tercera y \u00faltima jornada del <strong>COTIF<\/strong>, <strong>Uruguay sub-17<\/strong> cay\u00f3 ante el Villarreal CF, de nuevo, por 0-1. Tras un luchado partido, con la misma garra charr\u00faa que en la segunda jornada, el Villarreal puso el primer gol en el electr\u00f3nico en el 60\u2019. La lucha final no impidi\u00f3 que la selecci\u00f3n uruguaya cayera eliminada con honores del torneo.<\/p>\n\n\n\n<figure class=\"wp-block-image size-large\"><img decoding=\"async\" width=\"600\" height=\"400\" src=\"https:\/\/soccerinteraction.com\/wp-content\/uploads\/2021\/09\/balon-uruguay.jpg\" alt=\"Uruguay en el COTIF\" class=\"wp-image-36650\" srcset=\"https:\/\/soccerinteraction.com\/wp-content\/uploads\/2021\/09\/balon-uruguay.jpg 600w, https:\/\/soccerinteraction.com\/wp-content\/uploads\/2021\/09\/balon-uruguay-300x200.jpg 300w, https:\/\/soccerinteraction.com\/wp-content\/uploads\/2021\/09\/balon-uruguay-280x187.jpg 280w\" sizes=\"(max-width: 600px) 100vw, 600px\" \/><\/figure>\n\n\n\n<h2 class=\"wp-block-heading\"><strong>El nivel de Uruguay sub-17<\/strong><\/h2>\n\n\n\n<p>Disponer de un combinado nacional como el de <strong>Uruguay<\/strong> en las instalaciones de Soccer Inter-Action es un lujo. Su palmar\u00e9s, pese a tratarse de un pa\u00eds con poco menos de tres millones de habitantes, as\u00ed lo refleja, ya que la selecci\u00f3n absoluta ha conquistado 2 Mundiales y 15 Copa Am\u00e9rica.<\/p>\n\n\n\n<p><strong>Uruguay sub-17<\/strong> ha participado en seis mundiales de esta categor\u00eda, alcanzando su mayor cota deportiva en 2011, tras caer en la final frente ante la anfitriona, M\u00e9xico. Su f\u00fatbol base siempre reluce cada temporada.<\/p>\n\n\n\n<figure class=\"wp-block-image size-large\"><img decoding=\"async\" width=\"600\" height=\"400\" src=\"https:\/\/soccerinteraction.com\/wp-content\/uploads\/2021\/09\/jugador-sia-uruguay.jpg\" alt=\"Uruguay en el COTIF\" class=\"wp-image-36658\" srcset=\"https:\/\/soccerinteraction.com\/wp-content\/uploads\/2021\/09\/jugador-sia-uruguay.jpg 600w, https:\/\/soccerinteraction.com\/wp-content\/uploads\/2021\/09\/jugador-sia-uruguay-300x200.jpg 300w, https:\/\/soccerinteraction.com\/wp-content\/uploads\/2021\/09\/jugador-sia-uruguay-280x187.jpg 280w\" sizes=\"(max-width: 600px) 100vw, 600px\" \/><\/figure>\n\n\n\n<h2 class=\"wp-block-heading\"><strong>La estancia de la selecci\u00f3n sub-17 de Uruguay en las instalaciones de SIA<\/strong> Academy<\/h2>\n\n\n\n<p>Durante su estancia de una semana en el <strong>centro de alto rendimiento de Soccer Inter-Action<\/strong>, situado en Enguera,<strong> la selecci\u00f3n de Uruguay<\/strong> ha dispuesto de las m\u00e1ximas facilidades para poder ejercitarse y preparar el <strong>COTIF 2021<\/strong> de la mejor forma posible.<\/p>\n\n\n\n<figure class=\"wp-block-image size-large\"><img decoding=\"async\" width=\"600\" height=\"400\" src=\"https:\/\/soccerinteraction.com\/wp-content\/uploads\/2021\/09\/uruguay-sia-academy-sub-23.jpg\" alt=\"Uruguay en el COTIF\" class=\"wp-image-36666\" srcset=\"https:\/\/soccerinteraction.com\/wp-content\/uploads\/2021\/09\/uruguay-sia-academy-sub-23.jpg 600w, https:\/\/soccerinteraction.com\/wp-content\/uploads\/2021\/09\/uruguay-sia-academy-sub-23-300x200.jpg 300w, https:\/\/soccerinteraction.com\/wp-content\/uploads\/2021\/09\/uruguay-sia-academy-sub-23-280x187.jpg 280w\" sizes=\"(max-width: 600px) 100vw, 600px\" \/><\/figure>\n\n\n\n<p>Los charr\u00faas en edad juvenil han podido entrenar en los d\u00edas donde no disputaban partido en <strong>campos de f\u00fatbol de c\u00e9sped natural<\/strong>. <strong>Uruguay<\/strong> ha contado con el material necesario para sus entrenamientos, adem\u00e1s de un gimnasio donde continuar ejercit\u00e1ndose.<\/p>\n\n\n\n<p>El descanso tambi\u00e9n forma parte del entrenamiento, por lo que los <strong>jugadores del sub-17 Uruguay<\/strong> han podido disfrutar de su tiempo de ocio en salas de v\u00eddeo y de recreo, as\u00ed como preparar los partidos en la sala de video-an\u00e1lisis.<\/p>\n\n\n\n<figure class=\"wp-block-image size-large\"><img decoding=\"async\" width=\"600\" height=\"400\" src=\"https:\/\/soccerinteraction.com\/wp-content\/uploads\/2021\/09\/uruguar-cotif-sia.jpg\" alt=\"Uruguay en el COTIF\" class=\"wp-image-36674\" srcset=\"https:\/\/soccerinteraction.com\/wp-content\/uploads\/2021\/09\/uruguar-cotif-sia.jpg 600w, https:\/\/soccerinteraction.com\/wp-content\/uploads\/2021\/09\/uruguar-cotif-sia-300x200.jpg 300w, https:\/\/soccerinteraction.com\/wp-content\/uploads\/2021\/09\/uruguar-cotif-sia-280x187.jpg 280w\" sizes=\"(max-width: 600px) 100vw, 600px\" \/><\/figure>\n\n\n\n<p>Adem\u00e1s, el genial entorno en el que se encuentra el <strong>centro de alto rendimiento de SIA<\/strong> en Enguera ha permitido disfrutar y relajarse, tanto a cuerpo t\u00e9cnico como futbolistas de <strong>la selecci\u00f3n de Uruguay<\/strong>, con unos mates con vistas al paisaje.<\/p>\n\n\n\n<figure class=\"wp-block-image size-large\"><img decoding=\"async\" width=\"600\" height=\"400\" src=\"https:\/\/soccerinteraction.com\/wp-content\/uploads\/2021\/09\/mate-uruguay-sia.jpg\" alt=\"Uruguay en el COTIF\" class=\"wp-image-36682\" srcset=\"https:\/\/soccerinteraction.com\/wp-content\/uploads\/2021\/09\/mate-uruguay-sia.jpg 600w, https:\/\/soccerinteraction.com\/wp-content\/uploads\/2021\/09\/mate-uruguay-sia-300x200.jpg 300w, https:\/\/soccerinteraction.com\/wp-content\/uploads\/2021\/09\/mate-uruguay-sia-280x187.jpg 280w\" sizes=\"(max-width: 600px) 100vw, 600px\" \/><\/figure>\n\n\n\n<p>Los<strong> jugadores de SIA Academy<\/strong> pudieron pasar un rato agradable junto con los integrantes de <strong>la selecci\u00f3n uruguaya sub-17<\/strong> en las instalaciones de Soccer Inter-Action, donde interactuaron con ellos y les conocieron en persona. Por ello, queremos dar las gracias a la AUF por el trato recibido hacia nuestros jugadores.<\/p>\n\n\n\n<figure class=\"wp-block-image size-large\"><img decoding=\"async\" width=\"900\" height=\"667\" src=\"https:\/\/soccerinteraction.com\/wp-content\/uploads\/2021\/09\/AUF-sia-academy.jpg\" alt=\"Uruguay en el COTIF\" class=\"wp-image-36690\" srcset=\"https:\/\/soccerinteraction.com\/wp-content\/uploads\/2021\/09\/AUF-sia-academy.jpg 900w, https:\/\/soccerinteraction.com\/wp-content\/uploads\/2021\/09\/AUF-sia-academy-300x222.jpg 300w, https:\/\/soccerinteraction.com\/wp-content\/uploads\/2021\/09\/AUF-sia-academy-768x569.jpg 768w, https:\/\/soccerinteraction.com\/wp-content\/uploads\/2021\/09\/AUF-sia-academy-252x187.jpg 252w\" sizes=\"(max-width: 900px) 100vw, 900px\" \/><\/figure>\n","protected":false},"excerpt":{"rendered":"<p>La selecci\u00f3n de Uruguay sub-17, en las instalaciones de SIA Muchos equipos y selecciones optan por hospedarse en las instalaciones de Soccer Inter-Action para disputar los campeonatos que se organizan en la Comunidad Valenciana. La selecci\u00f3n de Uruguay sub-17, participante en el COTIF 2021, ha podido disfrutar de las comodidades de SIA en su periplo<\/p>\n","protected":false},"author":1,"featured_media":36626,"comment_status":"open","ping_status":"closed","sticky":false,"template":"","format":"standard","meta":[],"categories":[1,14],"tags":[],"_links":{"self":[{"href":"https:\/\/soccerinteraction.com\/es\/wp-json\/wp\/v2\/posts\/36624"}],"collection":[{"href":"https:\/\/soccerinteraction.com\/es\/wp-json\/wp\/v2\/posts"}],"about":[{"href":"https:\/\/soccerinteraction.com\/es\/wp-json\/wp\/v2\/types\/post"}],"author":[{"embeddable":true,"href":"https:\/\/soccerinteraction.com\/es\/wp-json\/wp\/v2\/users\/1"}],"replies":[{"embeddable":true,"href":"https:\/\/soccerinteraction.com\/es\/wp-json\/wp\/v2\/comments?post=36624"}],"version-history":[{"count":0,"href":"https:\/\/soccerinteraction.com\/es\/wp-json\/wp\/v2\/posts\/36624\/revisions"}],"wp:featuredmedia":[{"embeddable":true,"href":"https:\/\/soccerinteraction.com\/es\/wp-json\/wp\/v2\/media\/36626"}],"wp:attachment":[{"href":"https:\/\/soccerinteraction.com\/es\/wp-json\/wp\/v2\/media?parent=36624"}],"wp:term":[{"taxonomy":"category","embeddable":true,"href":"https:\/\/soccerinteraction.com\/es\/wp-json\/wp\/v2\/categories?post=36624"},{"taxonomy":"post_tag","embeddable":true,"href":"https:\/\/soccerinteraction.com\/es\/wp-json\/wp\/v2\/tags?post=36624"}],"curies":[{"name":"wp","href":"https:\/\/api.w.org\/{rel}","templated":true}]}}