{"id":31401,"date":"2021-05-14T06:59:12","date_gmt":"2021-05-14T06:59:12","guid":{"rendered":"https:\/\/soccerinteraction.com\/?p=31401"},"modified":"2021-10-28T14:03:31","modified_gmt":"2021-10-28T14:03:31","slug":"seguimos-en-tercera-division-de-futbol-en-espana","status":"publish","type":"post","link":"https:\/\/soccerinteraction.com\/es\/seguimos-en-tercera-division-de-futbol-en-espana","title":{"rendered":"Seguimos en Tercera division de f\u00fatbol en Espa\u00f1a"},"content":{"rendered":"\n<h2 class=\"wp-block-heading\"><strong>LA UD SIA BENIG\u00c0NIM CUMPLE SU OBJETIVO<\/strong><\/h2>\n\n\n\n<p><em>Finaliza la <strong>temporada 2020\/2021 de Tercera Divisi\u00f3n Espa\u00f1ola<\/strong> con la consecuci\u00f3n por parte del equipo de <strong>SIA Academy<\/strong> del objetivo de <strong>consolidarse<\/strong> en esta importante <strong>categor\u00eda<\/strong>.<\/em><\/p>\n\n\n\n<p>El <strong><a rel=\"noreferrer noopener\" href=\"https:\/\/soccerinteraction.com\/es\/el-equipo-de-tercera-en-pretemporada\" target=\"_blank\">proyecto formativo-educativo de la UD SIA Benig\u00e0nim<\/a><\/strong> continuar\u00e1 un curso m\u00e1s en la <strong>Tercera Divisi\u00f3n <\/strong> de <strong>la liga de f\u00fatbol espa\u00f1ola<\/strong>. Despu\u00e9s de una gran actuaci\u00f3n a lo largo de estos meses, el conjunto dirigido por <strong>Fernando G\u00f3mez Colomer <\/strong>se ha ganado el derecho de competir una campa\u00f1a m\u00e1s en una de las categor\u00edas m\u00e1s importantes del f\u00fatbol nacional.<\/p>\n\n\n\n<figure class=\"wp-block-image size-large\"><img decoding=\"async\" width=\"600\" height=\"400\" src=\"https:\/\/soccerinteraction.com\/wp-content\/uploads\/2021\/05\/ACADEMIA-INTERANCIONAL-FUTBOL.jpg\" alt=\"SIA Academy 3 division espa\u00f1ola\" class=\"wp-image-31428\" srcset=\"https:\/\/soccerinteraction.com\/wp-content\/uploads\/2021\/05\/ACADEMIA-INTERANCIONAL-FUTBOL.jpg 600w, https:\/\/soccerinteraction.com\/wp-content\/uploads\/2021\/05\/ACADEMIA-INTERANCIONAL-FUTBOL-300x200.jpg 300w, https:\/\/soccerinteraction.com\/wp-content\/uploads\/2021\/05\/ACADEMIA-INTERANCIONAL-FUTBOL-280x187.jpg 280w\" sizes=\"(max-width: 600px) 100vw, 600px\" \/><\/figure>\n\n\n\n<p>El <strong>estadio Municipal de Benig\u00e0nim<\/strong> fue el escenario donde se dio por concluida esta temporada de la <strong>Real Federaci\u00f3n espa\u00f1ola de F\u00fatbol <\/strong>. En dicho terreno de juego, los jugadores de SIA Academy han brillado con luz propia en un curso donde todos los clubes han tenido que adaptarse a los severos protocolos sanitarios. El \u00faltimo partido en disputarse fue frente al Recambios Col\u00f3n, otro de los conjuntos con la permanencia en el bolsillo.<\/p>\n\n\n\n<figure class=\"wp-block-embed-youtube wp-block-embed is-type-video is-provider-youtube wp-embed-aspect-16-9 wp-has-aspect-ratio\"><div class=\"wp-block-embed__wrapper\">\n<iframe title=\"SIA Benig\u00e0nim: Resumen del partido CF Recambios Col\u00f3n | Municipal Benig\u00e0nim\" width=\"960\" height=\"540\" src=\"https:\/\/www.youtube.com\/embed\/OqoxkiakrJI?feature=oembed\" frameborder=\"0\" allow=\"accelerometer; autoplay; clipboard-write; encrypted-media; gyroscope; picture-in-picture\" allowfullscreen><\/iframe>\n<\/div><\/figure>\n\n\n\n<p>Dicho enfrentamiento de <strong>competici\u00f3n<\/strong> del grupo de acenso para <strong>la Segunda Divisi\u00f3n B<\/strong>, acab\u00f3 con el anecd\u00f3tico resultado de dos a dos. La <strong>UD SIA Benig\u00e0nim<\/strong> se adelant\u00f3 en el luminoso nada m\u00e1s comenzar el choque por medio de Kevin. El joven extremo izquierdo de SIA Academy aprovech\u00f3 un fren\u00e9tico contragolpe para ser asistido por Santos y batir al guardameta Joan.<\/p>\n\n\n\n<figure class=\"wp-block-image size-large\"><img decoding=\"async\" width=\"600\" height=\"337\" src=\"https:\/\/soccerinteraction.com\/wp-content\/uploads\/2021\/05\/beniganim-recambios-final-temporada.jpg\" alt=\"\" class=\"wp-image-31447\" srcset=\"https:\/\/soccerinteraction.com\/wp-content\/uploads\/2021\/05\/beniganim-recambios-final-temporada.jpg 600w, https:\/\/soccerinteraction.com\/wp-content\/uploads\/2021\/05\/beniganim-recambios-final-temporada-300x169.jpg 300w, https:\/\/soccerinteraction.com\/wp-content\/uploads\/2021\/05\/beniganim-recambios-final-temporada-280x157.jpg 280w\" sizes=\"(max-width: 600px) 100vw, 600px\" \/><\/figure>\n\n\n\n<p>El gol dio alas a la <strong>UD SIA Benig\u00e0nim<\/strong> y se adue\u00f1o del ritmo de partido para as\u00ed cortocircuitar cualquier opci\u00f3n de ataque visitante. El Recambios Col\u00f3n lo intentaba a trav\u00e9s de un juego muy directo, pero el buen hacer defensivo de los de <strong>SIA Academy<\/strong> les sirvi\u00f3 para aguantar este resultado. Al menos hasta el final de la primera parte.<\/p>\n\n\n\n<p>Y es que tras el paso por los vestuarios el partido cambi\u00f3. El conjunto visitante arriesg\u00f3 m\u00e1s en busca del gol y en un error de los locales obtuvieron su recompensa. Vinicius remat\u00f3 a placer un bal\u00f3n rebotado por el palo tras un disparo cruzado de Nacho Ferrer.<\/p>\n\n\n\n<figure class=\"wp-block-embed-youtube wp-block-embed is-type-rich is-provider-gestor-del-servicio wp-embed-aspect-16-9 wp-has-aspect-ratio\"><div class=\"wp-block-embed__wrapper\">\n<iframe title=\"Resum Gols 2 Fase Tercera Divisio Grup VI Jornada 6\" width=\"960\" height=\"540\" src=\"https:\/\/www.youtube.com\/embed\/8_CeGRmYpSY?feature=oembed\" frameborder=\"0\" allow=\"accelerometer; autoplay; clipboard-write; encrypted-media; gyroscope; picture-in-picture\" allowfullscreen><\/iframe>\n<\/div><\/figure>\n\n\n\n<p>El empate en el marcador sirvi\u00f3 para que la <strong>UD SIA Benig\u00e0nim<\/strong> volviera a subir un punto m\u00e1s de intensidad en la <strong>competici\u00f3n de todos contra todos<\/strong>. Los jugadores del Recambios Col\u00f3n cada vez estaban m\u00e1s cansados y el esfuerzo de los locales por volver a ponerse por delante en el luminoso empez\u00f3 a ser una constante. Peir\u00f3 fue el autor de la segunda diana local al rematar al primer toque un centro potente raso de Kevin, protagonista en ambos goles.<\/p>\n\n\n\n<figure class=\"wp-block-image size-large\"><img decoding=\"async\" width=\"600\" height=\"400\" src=\"https:\/\/soccerinteraction.com\/wp-content\/uploads\/2021\/05\/Jugador-Futbol-Sub23.jpg\" alt=\"\" class=\"wp-image-31607\" srcset=\"https:\/\/soccerinteraction.com\/wp-content\/uploads\/2021\/05\/Jugador-Futbol-Sub23.jpg 600w, https:\/\/soccerinteraction.com\/wp-content\/uploads\/2021\/05\/Jugador-Futbol-Sub23-300x200.jpg 300w, https:\/\/soccerinteraction.com\/wp-content\/uploads\/2021\/05\/Jugador-Futbol-Sub23-280x187.jpg 280w\" sizes=\"(max-width: 600px) 100vw, 600px\" \/><\/figure>\n\n\n\n<p><\/p>\n\n\n\n<p>No obstante, cuando todo parec\u00eda indicar que el <strong>Club de F\u00fatbol<\/strong> <strong>UD SIA Benig\u00e0nim<\/strong> se llevar\u00eda el triunfo, un bal\u00f3n al \u00e1rea a la desesperada encontr\u00f3 un rematador inesperado, pues el defensa del Recambios Roser caz\u00f3 el esf\u00e9rico y defini\u00f3 a la perfecci\u00f3n como si de un delantero experimentado se tratase.<\/p>\n\n\n\n<h3 class=\"wp-block-heading\">Debut oficial de jugador indio de SIA Academy<\/h3>\n\n\n\n<p>Una de los aspectos m\u00e1s destacados del partido fue presenciar el <strong>debut de Siddharth Bapodra en tercera divisi\u00f3n espa\u00f1ola<\/strong>. El delantero, a\u00fan en edad juvenil, entr\u00f3 en el terreno de juego en el minuto 80\u2019 convirti\u00e9ndose en <strong>el <a rel=\"noreferrer noopener\" href=\"https:\/\/soccerinteraction.com\/es\/convocado-3-division-jugador-juvenil\" target=\"_blank\">primer jugador indio en debutar<\/a> con la el\u00e1stica de la UD SIA Benig\u00e0nim en la competici\u00f3n de Tercera Divisi\u00f3n<\/strong>.<\/p>\n\n\n\n<figure class=\"wp-block-embed-youtube wp-block-embed is-type-video is-provider-youtube wp-embed-aspect-16-9 wp-has-aspect-ratio\"><div class=\"wp-block-embed__wrapper\">\n<iframe title=\"SIA ACADEMY: Bapodra&#039;s Debut In Third Division | UD SIA Benig\u00e0nim\" width=\"960\" height=\"540\" src=\"https:\/\/www.youtube.com\/embed\/ARc7XGYoiN0?feature=oembed\" frameborder=\"0\" allow=\"accelerometer; autoplay; clipboard-write; encrypted-media; gyroscope; picture-in-picture\" allowfullscreen><\/iframe>\n<\/div><\/figure>\n\n\n\n<p><strong>Bapodra<\/strong>, que est\u00e1 completando una gran temporada en el Juvenil, no decepcion\u00f3 sobre el campo y, de hecho, estuvo muy cerca de sumar su primer gol en Tercera Divisi\u00f3n Espa\u00f1ola. El delantero de <strong>SIA Academy<\/strong> remat\u00f3 de cabeza un centro al \u00e1rea que se march\u00f3 por poco.<\/p>\n\n\n\n<figure class=\"wp-block-image size-large\"><img decoding=\"async\" width=\"600\" height=\"400\" src=\"https:\/\/soccerinteraction.com\/wp-content\/uploads\/2021\/05\/JUGADOR-INDIO-FUTBOL-ESPANOL.jpg\" alt=\"SIA Academy 3 division espa\u00f1ola\" class=\"wp-image-31411\" srcset=\"https:\/\/soccerinteraction.com\/wp-content\/uploads\/2021\/05\/JUGADOR-INDIO-FUTBOL-ESPANOL.jpg 600w, https:\/\/soccerinteraction.com\/wp-content\/uploads\/2021\/05\/JUGADOR-INDIO-FUTBOL-ESPANOL-300x200.jpg 300w, https:\/\/soccerinteraction.com\/wp-content\/uploads\/2021\/05\/JUGADOR-INDIO-FUTBOL-ESPANOL-280x187.jpg 280w\" sizes=\"(max-width: 600px) 100vw, 600px\" \/><\/figure>\n\n\n\n<p><\/p>\n\n\n\n<p>Este debut internacional en <strong>Espa\u00f1a<\/strong>, no es el \u00fanico que ha logrado <strong>SIA Academy<\/strong>. La temporada pasada el <strong>centrocampista libio Dyaa<\/strong> cuaj\u00f3 un gran partido oficial contra el Novelda devutando tambi\u00e9n en <strong>tercera divisi\u00f3n de la liga espa\u00f1ola<\/strong>. El ahora jugador del Disc\u00f3bolo La Torre demostr\u00f3 su evoluci\u00f3n como futbolista tras su formaci\u00f3n en el <strong>Programa Anual de Alto Rendimiento<\/strong> de Soccer Inter-Action situada en la <strong>Comunidad Aut\u00f3noma <\/strong>Valenciana, concretamente en Enguera.<\/p>\n\n\n\n<h3 class=\"wp-block-heading\"><strong>Formaci\u00f3n del capit\u00e1n de la UD SIA Benig\u00e0nim<\/strong><\/h3>\n\n\n\n<p>Junto a Bapodra, otro de los nombres a destacar es el de<strong> Quique Fabra<\/strong>. El <strong>capit\u00e1n de la UD SIA Benig\u00e0nim <\/strong>ha sido pieza clave en el esquema de <strong>Fernando G\u00f3mez Colomer<\/strong>. El centrocampista valenciano ha sumado su segunda temporada en la UD SIA Benig\u00e0nim y su consolidaci\u00f3n en la categor\u00eda de <strong>la liga espa\u00f1ola de f\u00fatbol<\/strong> es ya una realidad.<\/p>\n\n\n\n<figure class=\"wp-block-embed-youtube wp-block-embed is-type-video is-provider-youtube wp-embed-aspect-16-9 wp-has-aspect-ratio\"><div class=\"wp-block-embed__wrapper\">\n<iframe title=\"SIA Academy: We talk with... | Quique Fabra\" width=\"960\" height=\"540\" src=\"https:\/\/www.youtube.com\/embed\/xwhDFY2A1hY?feature=oembed\" frameborder=\"0\" allow=\"accelerometer; autoplay; clipboard-write; encrypted-media; gyroscope; picture-in-picture\" allowfullscreen><\/iframe>\n<\/div><\/figure>\n\n\n\n<p>De hecho, el todav\u00eda futbolista Sub23 tiene a\u00fan mucho m\u00e1s margen de mejora, pues por fin est\u00e1 demostrando todo el potencial que se le atisbaba en sus etapas de formaci\u00f3n m\u00e1s tempranas. <strong>Clubes como el Valencia CF, Levante UD y FC Barcelona <\/strong>filiales de<strong> primera divisi\u00f3n <\/strong>han contado en sus filas con<strong> Quique Fabra<\/strong>, pero ha sido en SIA Academy donde ha dado un golpe sobre la mesa.<\/p>\n\n\n\n<figure class=\"wp-block-image size-large\"><img decoding=\"async\" width=\"600\" height=\"400\" src=\"https:\/\/soccerinteraction.com\/wp-content\/uploads\/2021\/05\/FABRA-CAPITAN-SIA.jpg\" alt=\"SIA Academy 3 division espa\u00f1ola\" class=\"wp-image-31419\" srcset=\"https:\/\/soccerinteraction.com\/wp-content\/uploads\/2021\/05\/FABRA-CAPITAN-SIA.jpg 600w, https:\/\/soccerinteraction.com\/wp-content\/uploads\/2021\/05\/FABRA-CAPITAN-SIA-300x200.jpg 300w, https:\/\/soccerinteraction.com\/wp-content\/uploads\/2021\/05\/FABRA-CAPITAN-SIA-280x187.jpg 280w\" sizes=\"(max-width: 600px) 100vw, 600px\" \/><\/figure>\n\n\n\n<h3 class=\"wp-block-heading\"><strong>Partido amistoso contra club profesional<\/strong><\/h3>\n\n\n\n<p>La temporada oficial ha llegado a su fin, pero todav\u00eda no el <strong>proceso formativo 2020\/2021 de los jugadores <\/strong>de la UD SIA Benig\u00e0nim. Tras competir en la Tercera Divisi\u00f3n de F\u00fatbol en Espa\u00f1a, llega el momento de continuar entrenando en el<strong> Centro de Alto Rendimiento<\/strong> de Soccer Inter-Action y, c\u00f3mo no, de disputar los \u00faltimos partidos amistosos.<\/p>\n\n\n\n<figure class=\"wp-block-image size-large\"><img decoding=\"async\" width=\"800\" height=\"382\" src=\"https:\/\/soccerinteraction.com\/wp-content\/uploads\/2021\/05\/albacete-balompie.jpg\" alt=\"albacete balompie 3 division\" class=\"wp-image-31456\" srcset=\"https:\/\/soccerinteraction.com\/wp-content\/uploads\/2021\/05\/albacete-balompie.jpg 800w, https:\/\/soccerinteraction.com\/wp-content\/uploads\/2021\/05\/albacete-balompie-300x143.jpg 300w, https:\/\/soccerinteraction.com\/wp-content\/uploads\/2021\/05\/albacete-balompie-768x367.jpg 768w, https:\/\/soccerinteraction.com\/wp-content\/uploads\/2021\/05\/albacete-balompie-280x134.jpg 280w\" sizes=\"(max-width: 800px) 100vw, 800px\" \/><\/figure>\n\n\n\n<p>Y qu\u00e9 mejor que jugar <strong>partidos amistosos <\/strong>que <strong>contra clubes profesionales<\/strong>. <\/p>\n\n\n\n<figure class=\"wp-block-image size-large\"><img decoding=\"async\" width=\"307\" height=\"307\" src=\"https:\/\/soccerinteraction.com\/wp-content\/uploads\/2021\/05\/logo-albacete.jpg\" alt=\"Albacete balompie\" class=\"wp-image-31472\" srcset=\"https:\/\/soccerinteraction.com\/wp-content\/uploads\/2021\/05\/logo-albacete.jpg 307w, https:\/\/soccerinteraction.com\/wp-content\/uploads\/2021\/05\/logo-albacete-300x300.jpg 300w, https:\/\/soccerinteraction.com\/wp-content\/uploads\/2021\/05\/logo-albacete-150x150.jpg 150w, https:\/\/soccerinteraction.com\/wp-content\/uploads\/2021\/05\/logo-albacete-187x187.jpg 187w\" sizes=\"(max-width: 307px) 100vw, 307px\" \/><\/figure>\n\n\n\n<p>El primero en verse las caras contra el conjunto de SIA Academy ser\u00e1 el<strong> Albacete Balompi\u00e9<\/strong>, cuyo primer equipo compite en Segunda Divisi\u00f3n Espa\u00f1ola.<\/p>\n\n\n\n<figure class=\"wp-block-image size-large\"><img decoding=\"async\" width=\"600\" height=\"337\" src=\"https:\/\/soccerinteraction.com\/wp-content\/uploads\/2021\/05\/ALBACETE_BALOMPIE.jpg\" alt=\"albacete balompie\" class=\"wp-image-31464\" srcset=\"https:\/\/soccerinteraction.com\/wp-content\/uploads\/2021\/05\/ALBACETE_BALOMPIE.jpg 600w, https:\/\/soccerinteraction.com\/wp-content\/uploads\/2021\/05\/ALBACETE_BALOMPIE-300x169.jpg 300w, https:\/\/soccerinteraction.com\/wp-content\/uploads\/2021\/05\/ALBACETE_BALOMPIE-280x157.jpg 280w\" sizes=\"(max-width: 600px) 100vw, 600px\" \/><\/figure>\n\n\n\n<p>Para este encuentro, se espera la entrada en la convocatoria no s\u00f3lo del reci\u00e9n debutado <strong>SiddharthBapodra<\/strong>, sino tambi\u00e9n de <strong>numerosos jugadores internacionales de SIA Academy<\/strong> que tras su gran evoluci\u00f3n con el Programa Anual de Alto Rendimiento se preparan para las diferentes <strong>pruebas de f\u00fatbol<\/strong> que les est\u00e1n por llegar.<\/p>\n\n\n\n<figure class=\"wp-block-image size-large\"><img decoding=\"async\" width=\"600\" height=\"400\" src=\"https:\/\/soccerinteraction.com\/wp-content\/uploads\/2021\/05\/PORTERO-TERCERA-DIVISION.jpg\" alt=\"SIA Academy\" class=\"wp-image-31436\" srcset=\"https:\/\/soccerinteraction.com\/wp-content\/uploads\/2021\/05\/PORTERO-TERCERA-DIVISION.jpg 600w, https:\/\/soccerinteraction.com\/wp-content\/uploads\/2021\/05\/PORTERO-TERCERA-DIVISION-300x200.jpg 300w, https:\/\/soccerinteraction.com\/wp-content\/uploads\/2021\/05\/PORTERO-TERCERA-DIVISION-280x187.jpg 280w\" sizes=\"(max-width: 600px) 100vw, 600px\" \/><\/figure>\n","protected":false},"excerpt":{"rendered":"<p>LA UD SIA BENIG\u00c0NIM CUMPLE SU OBJETIVO Finaliza la temporada 2020\/2021 de Tercera Divisi\u00f3n Espa\u00f1ola con la consecuci\u00f3n por parte del equipo de SIA Academy del objetivo de consolidarse en esta importante categor\u00eda. El proyecto formativo-educativo de la UD SIA Benig\u00e0nim continuar\u00e1 un curso m\u00e1s en la Tercera Divisi\u00f3n de la liga de f\u00fatbol espa\u00f1ola.<\/p>\n","protected":false},"author":1,"featured_media":31403,"comment_status":"open","ping_status":"closed","sticky":false,"template":"","format":"standard","meta":[],"categories":[1,149],"tags":[],"_links":{"self":[{"href":"https:\/\/soccerinteraction.com\/es\/wp-json\/wp\/v2\/posts\/31401"}],"collection":[{"href":"https:\/\/soccerinteraction.com\/es\/wp-json\/wp\/v2\/posts"}],"about":[{"href":"https:\/\/soccerinteraction.com\/es\/wp-json\/wp\/v2\/types\/post"}],"author":[{"embeddable":true,"href":"https:\/\/soccerinteraction.com\/es\/wp-json\/wp\/v2\/users\/1"}],"replies":[{"embeddable":true,"href":"https:\/\/soccerinteraction.com\/es\/wp-json\/wp\/v2\/comments?post=31401"}],"version-history":[{"count":0,"href":"https:\/\/soccerinteraction.com\/es\/wp-json\/wp\/v2\/posts\/31401\/revisions"}],"wp:featuredmedia":[{"embeddable":true,"href":"https:\/\/soccerinteraction.com\/es\/wp-json\/wp\/v2\/media\/31403"}],"wp:attachment":[{"href":"https:\/\/soccerinteraction.com\/es\/wp-json\/wp\/v2\/media?parent=31401"}],"wp:term":[{"taxonomy":"category","embeddable":true,"href":"https:\/\/soccerinteraction.com\/es\/wp-json\/wp\/v2\/categories?post=31401"},{"taxonomy":"post_tag","embeddable":true,"href":"https:\/\/soccerinteraction.com\/es\/wp-json\/wp\/v2\/tags?post=31401"}],"curies":[{"name":"wp","href":"https:\/\/api.w.org\/{rel}","templated":true}]}}