{"id":30870,"date":"2021-05-06T22:00:34","date_gmt":"2021-05-06T22:00:34","guid":{"rendered":"https:\/\/soccerinteraction.com\/?p=30870"},"modified":"2021-11-10T22:19:58","modified_gmt":"2021-11-10T22:19:58","slug":"futbol-profesional-en-espana","status":"publish","type":"post","link":"https:\/\/soccerinteraction.com\/es\/futbol-profesional-en-espana","title":{"rendered":"FUTBOL PROFESIONAL EN ESPA\u00d1A"},"content":{"rendered":"\n<h2 class=\"wp-block-heading\"><strong>VILLARREAL CF Y SIA ACADEMY JUGARON EL PARTIDO DE LA JORNADA<\/strong><\/h2>\n\n\n\n<p>Emocionante partido el disputado entre el filial del <strong>Villarreal Club de F\u00fatbol<\/strong> y la <strong>UD SIA Benig\u00e0nim<\/strong>. El buen juego y las ocasiones de gol marcaron el devenir de un encuentro muy seguido por los <strong><a href=\"https:\/\/soccerinteraction.com\/es\/representantes-intermediarios-agencias-de-jugadores-de-futbol\" target=\"_blank\" rel=\"noreferrer noopener\"><em>scouting<\/em> de clubes profesionales<\/a><\/strong>.<\/p>\n\n\n\n<figure class=\"wp-block-image size-large\"><img decoding=\"async\" width=\"600\" height=\"388\" src=\"https:\/\/soccerinteraction.com\/wp-content\/uploads\/2021\/05\/Academia-Internacional-de-Futbol-Profesional.jpg\" alt=\"SIA Academy 3 division\" class=\"wp-image-30872\" srcset=\"https:\/\/soccerinteraction.com\/wp-content\/uploads\/2021\/05\/Academia-Internacional-de-Futbol-Profesional.jpg 600w, https:\/\/soccerinteraction.com\/wp-content\/uploads\/2021\/05\/Academia-Internacional-de-Futbol-Profesional-300x194.jpg 300w, https:\/\/soccerinteraction.com\/wp-content\/uploads\/2021\/05\/Academia-Internacional-de-Futbol-Profesional-280x181.jpg 280w\" sizes=\"(max-width: 600px) 100vw, 600px\" \/><\/figure>\n\n\n\n<p>Se\u00f1alado en rojo estaba este partido en el calendario. La Fase II de la <strong><a href=\"https:\/\/soccerinteraction.com\/es\/el-equipo-de-tercera-en-pretemporada\" target=\"_blank\" rel=\"noreferrer noopener\">Tercera Divisi\u00f3n espa\u00f1ola<\/a><\/strong> ha tra\u00eddo consigo partidos de mucho nivel y la visita de la <strong>UD SIA Benig\u00e0nim<\/strong> a la Ciutat Esportiva del <strong>Villarreal CF<\/strong> era sin duda uno de ellos.<\/p>\n\n\n\n<figure class=\"wp-block-image size-large\"><img decoding=\"async\" width=\"600\" height=\"400\" src=\"https:\/\/soccerinteraction.com\/wp-content\/uploads\/2021\/05\/Ciudad-Deportiva-Villarreal-CF.jpg\" alt=\"SIA Academy 3 division\" class=\"wp-image-30880\" srcset=\"https:\/\/soccerinteraction.com\/wp-content\/uploads\/2021\/05\/Ciudad-Deportiva-Villarreal-CF.jpg 600w, https:\/\/soccerinteraction.com\/wp-content\/uploads\/2021\/05\/Ciudad-Deportiva-Villarreal-CF-300x200.jpg 300w, https:\/\/soccerinteraction.com\/wp-content\/uploads\/2021\/05\/Ciudad-Deportiva-Villarreal-CF-280x187.jpg 280w\" sizes=\"(max-width: 600px) 100vw, 600px\" \/><\/figure>\n\n\n\n<p>Dos <strong>proyectos de jugadores Sub23<\/strong> con una apuesta de juego atractiva. No hay mejor mezcla para el aficionado al f\u00fatbol formativo. El Mini Estadi fue el escenario perfecto para que Villarreal C y UD SIA Benig\u00e0nim se vieran las caras por segunda vez en esta Fase II.<\/p>\n\n\n\n<p>El partido, que fue elegido por el club castellonense para ser retransmitido por sus canales oficiales dada la importancia del duelo, tuvo de todo: desde ocasiones hasta jugadas de quitarse el sombrero. La victoria fue para el Villarreal C, aunque por la m\u00ednima (1-0) y pidiendo la hora tras los ataques de la UD SIA Benig\u00e0nim.<\/p>\n\n\n\n<figure class=\"wp-block-image size-large\"><img decoding=\"async\" width=\"600\" height=\"400\" src=\"https:\/\/soccerinteraction.com\/wp-content\/uploads\/2021\/05\/Futbol-de-Elite-en-Espana.jpg\" alt=\"SIA Academy 3 division\" class=\"wp-image-30888\" srcset=\"https:\/\/soccerinteraction.com\/wp-content\/uploads\/2021\/05\/Futbol-de-Elite-en-Espana.jpg 600w, https:\/\/soccerinteraction.com\/wp-content\/uploads\/2021\/05\/Futbol-de-Elite-en-Espana-300x200.jpg 300w, https:\/\/soccerinteraction.com\/wp-content\/uploads\/2021\/05\/Futbol-de-Elite-en-Espana-280x187.jpg 280w\" sizes=\"(max-width: 600px) 100vw, 600px\" \/><\/figure>\n\n\n\n<h3 class=\"wp-block-heading\"><strong>Partido de F\u00fatbol en Ciudad Deportiva Villarreal CF<\/strong><\/h3>\n\n\n\n<p>De hecho, fueron los pupilos de <strong><a href=\"https:\/\/soccerinteraction.com\/es\/ex-futbolistas-como-entrenadores\" target=\"_blank\" rel=\"noreferrer noopener\">Fernando G\u00f3mez Colomer<\/a><\/strong> -leyenda del Valencia CF como futbolista- los que dispusieron de la primera clara ocasi\u00f3n del duelo. Un robo de Quique Fabra sirvi\u00f3 para montar un r\u00e1pido contragolpe que de no ser por la gran reacci\u00f3n de Mangada hubiese acabado en gol. El centrocampista del <strong>Villarreal<\/strong> C se arriesg\u00f3 al m\u00e1ximo para quitarle a \u00faltima hora el esf\u00e9rico a Fabra cuando este se dispon\u00eda a definir dentro del \u00e1rea.<\/p>\n\n\n\n<figure class=\"wp-block-image size-large\"><img decoding=\"async\" width=\"600\" height=\"400\" src=\"https:\/\/soccerinteraction.com\/wp-content\/uploads\/2021\/05\/Villarreal-CF-contra-SIA-Beniganim.jpg\" alt=\"SIA Academy 3 division\" class=\"wp-image-30920\" srcset=\"https:\/\/soccerinteraction.com\/wp-content\/uploads\/2021\/05\/Villarreal-CF-contra-SIA-Beniganim.jpg 600w, https:\/\/soccerinteraction.com\/wp-content\/uploads\/2021\/05\/Villarreal-CF-contra-SIA-Beniganim-300x200.jpg 300w, https:\/\/soccerinteraction.com\/wp-content\/uploads\/2021\/05\/Villarreal-CF-contra-SIA-Beniganim-280x187.jpg 280w\" sizes=\"(max-width: 600px) 100vw, 600px\" \/><\/figure>\n\n\n\n<p>El fulgurante inicio de partido de la <strong>UD SIA Benig\u00e0nim<\/strong> despert\u00f3 al filial del Submarino Amarillo. Por medio de Campos y Richard empezaron a atacar por bandas, pero todos sus ataques fueron paliados por la zaga del cuadro <em>ganxut<\/em>. No obstante, fue en un saque de esquina donde el <strong>Villarreal <\/strong>C consigui\u00f3 abrir la lata, y a la postre anotar el gol de la victoria. Un bal\u00f3n al segundo palo lo caz\u00f3 David Guerrero con la cabeza, pero su testarazo fue rechazado por un Andrada que tras la buena intervenci\u00f3n vio c\u00f3mo el bal\u00f3n le ca\u00eda al delantero <em>groguet<\/em> For\u00e9s, que a placer llev\u00f3 el bal\u00f3n al fondo de las mallas.<\/p>\n\n\n\n<figure class=\"wp-block-image size-large\"><img decoding=\"async\" width=\"600\" height=\"400\" src=\"https:\/\/soccerinteraction.com\/wp-content\/uploads\/2021\/05\/Futbol-en-Espana-profesional.jpg\" alt=\"SIA Academy 3 division\" class=\"wp-image-30896\" srcset=\"https:\/\/soccerinteraction.com\/wp-content\/uploads\/2021\/05\/Futbol-en-Espana-profesional.jpg 600w, https:\/\/soccerinteraction.com\/wp-content\/uploads\/2021\/05\/Futbol-en-Espana-profesional-300x200.jpg 300w, https:\/\/soccerinteraction.com\/wp-content\/uploads\/2021\/05\/Futbol-en-Espana-profesional-280x187.jpg 280w\" sizes=\"(max-width: 600px) 100vw, 600px\" \/><\/figure>\n\n\n\n<p>Con el uno a cero en el luminoso, el <strong>Villarreal<\/strong> C se dispuso a poner en pr\u00e1ctica su estilo de juego, es decir, tratar de guardar la posesi\u00f3n. Sin embargo, se vio ante una presi\u00f3n muy efectiva de la <strong>UD SIA Benig\u00e0nim<\/strong>, que cortocircuit\u00f3 los intentos locales de dormir el partido.<\/p>\n\n\n\n<p>Esta situaci\u00f3n hizo que los de <strong>SIA Academy<\/strong> se vinieran arriba hasta tal punto de tener la posesi\u00f3n del bal\u00f3n y llegar con peligro a la porter\u00eda defendida por Iker. Kevin fue quienes mejores ocasiones dispuso para empatar la contienda, pero sin \u00e9xito.<\/p>\n\n\n\n<figure class=\"wp-block-image size-large\"><img decoding=\"async\" width=\"600\" height=\"400\" src=\"https:\/\/soccerinteraction.com\/wp-content\/uploads\/2021\/05\/Jugadores-Sub23-Futbol.jpg\" alt=\"SIA Academy 3 division\" class=\"wp-image-30904\" srcset=\"https:\/\/soccerinteraction.com\/wp-content\/uploads\/2021\/05\/Jugadores-Sub23-Futbol.jpg 600w, https:\/\/soccerinteraction.com\/wp-content\/uploads\/2021\/05\/Jugadores-Sub23-Futbol-300x200.jpg 300w, https:\/\/soccerinteraction.com\/wp-content\/uploads\/2021\/05\/Jugadores-Sub23-Futbol-280x187.jpg 280w\" sizes=\"(max-width: 600px) 100vw, 600px\" \/><\/figure>\n\n\n\n<p>La segunda parte fue un calco de lo visto en la primera, es decir, dos equipos buscando tener el bal\u00f3n y con sus parecidos estilos de juego tratar de ver porter\u00eda. Esto hizo que se viesen ocasiones en ambos lados del campo. No obstante, se tuvo que esperar hasta el 86\u2019 para ver la ocasi\u00f3n de gol m\u00e1s clara, obra de un Migue que estrell\u00f3 el bal\u00f3n al palo tras un buen centro desde el costado derecho.<\/p>\n\n\n\n<figure class=\"wp-block-image size-large\"><img decoding=\"async\" width=\"600\" height=\"400\" src=\"https:\/\/soccerinteraction.com\/wp-content\/uploads\/2021\/05\/Villarreal-CF-partido-SIA-Academy.jpg\" alt=\"\" class=\"wp-image-30928\" srcset=\"https:\/\/soccerinteraction.com\/wp-content\/uploads\/2021\/05\/Villarreal-CF-partido-SIA-Academy.jpg 600w, https:\/\/soccerinteraction.com\/wp-content\/uploads\/2021\/05\/Villarreal-CF-partido-SIA-Academy-300x200.jpg 300w, https:\/\/soccerinteraction.com\/wp-content\/uploads\/2021\/05\/Villarreal-CF-partido-SIA-Academy-280x187.jpg 280w\" sizes=\"(max-width: 600px) 100vw, 600px\" \/><\/figure>\n\n\n\n<h2 class=\"wp-block-heading\"><strong>Jugador de SIA Academy con pasado en el Villarreal CF<\/strong><\/h2>\n\n\n\n<p>Partido el disputado en el Mini Estadi que fue muy especial para un futbolista de la <strong>UD SIA Benig\u00e0nim<\/strong>. <strong>Dami\u00e1n S\u00e1nchez<\/strong> volv\u00eda a la que fue su casa durante toda su carrera. El jugador, nacido en Villarreal en el a\u00f1o 2001, afronta este curso su primera experiencia en el f\u00fatbol semiprofesional.<\/p>\n\n\n\n<figure class=\"wp-block-embed-youtube wp-block-embed is-type-rich is-provider-gestor-del-servicio wp-embed-aspect-16-9 wp-has-aspect-ratio\"><div class=\"wp-block-embed__wrapper\">\n<iframe title=\"SIA Academy: We talk with... | Dami\u00e1n S\u00e1nchez\" width=\"960\" height=\"540\" src=\"https:\/\/www.youtube.com\/embed\/x8PyK3HGCX0?feature=oembed\" frameborder=\"0\" allow=\"accelerometer; autoplay; clipboard-write; encrypted-media; gyroscope; picture-in-picture\" allowfullscreen><\/iframe>\n<\/div><\/figure>\n\n\n\n<p>Despu\u00e9s de destacar en las categor\u00edas inferiores del <strong>Villarreal CF y CD Roda<\/strong>, Dami\u00e1n se ha destapado en <strong>SIA Academy<\/strong> como un lateral derecho a tener muy en cuenta en el f\u00fatbol de \u00e9lite. El <strong>Centro de Alto Rendimiento<\/strong> de <strong>Soccer Inter-Action<\/strong>, ubicado en Enguera (Val\u00e8ncia, Espa\u00f1a), ha sido el trampol\u00edn ideal para explotar todos los recursos de Dami\u00e1n.<\/p>\n\n\n\n<figure class=\"wp-block-image size-large\"><img decoding=\"async\" width=\"600\" height=\"400\" src=\"https:\/\/soccerinteraction.com\/wp-content\/uploads\/2021\/05\/Villarreal-CF-SIA-Academy.jpg\" alt=\"SIA Academy 3 division\" class=\"wp-image-30912\" srcset=\"https:\/\/soccerinteraction.com\/wp-content\/uploads\/2021\/05\/Villarreal-CF-SIA-Academy.jpg 600w, https:\/\/soccerinteraction.com\/wp-content\/uploads\/2021\/05\/Villarreal-CF-SIA-Academy-300x200.jpg 300w, https:\/\/soccerinteraction.com\/wp-content\/uploads\/2021\/05\/Villarreal-CF-SIA-Academy-280x187.jpg 280w\" sizes=\"(max-width: 600px) 100vw, 600px\" \/><\/figure>\n\n\n\n<p>De hecho, este final de temporada ha sido una de las piezas m\u00e1s importantes para el cuerpo t\u00e9cnico. Su velocidad y descaro en zonas ofensivas ha sido primordial para el devenir de una UD <strong>SIA Benig\u00e0nim<\/strong> que logr\u00f3 su objetivo de mantenerse en la categor\u00eda en la Fase I, gan\u00e1ndose ahora el premio de pelear por los play-off de ascenso a Segunda RFEF.<\/p>\n\n\n\n<figure class=\"wp-block-image size-large\"><img decoding=\"async\" width=\"600\" height=\"400\" src=\"https:\/\/soccerinteraction.com\/wp-content\/uploads\/2021\/05\/SIA-Beniganim-en-Villarreal.jpg\" alt=\"\" class=\"wp-image-30936\" srcset=\"https:\/\/soccerinteraction.com\/wp-content\/uploads\/2021\/05\/SIA-Beniganim-en-Villarreal.jpg 600w, https:\/\/soccerinteraction.com\/wp-content\/uploads\/2021\/05\/SIA-Beniganim-en-Villarreal-300x200.jpg 300w, https:\/\/soccerinteraction.com\/wp-content\/uploads\/2021\/05\/SIA-Beniganim-en-Villarreal-280x187.jpg 280w\" sizes=\"(max-width: 600px) 100vw, 600px\" \/><\/figure>\n","protected":false},"excerpt":{"rendered":"<p>VILLARREAL CF Y SIA ACADEMY JUGARON EL PARTIDO DE LA JORNADA Emocionante partido el disputado entre el filial del Villarreal Club de F\u00fatbol y la UD SIA Benig\u00e0nim. El buen juego y las ocasiones de gol marcaron el devenir de un encuentro muy seguido por los scouting de clubes profesionales. Se\u00f1alado en rojo estaba este<\/p>\n","protected":false},"author":1,"featured_media":30948,"comment_status":"open","ping_status":"closed","sticky":false,"template":"","format":"standard","meta":[],"categories":[1,149],"tags":[],"_links":{"self":[{"href":"https:\/\/soccerinteraction.com\/es\/wp-json\/wp\/v2\/posts\/30870"}],"collection":[{"href":"https:\/\/soccerinteraction.com\/es\/wp-json\/wp\/v2\/posts"}],"about":[{"href":"https:\/\/soccerinteraction.com\/es\/wp-json\/wp\/v2\/types\/post"}],"author":[{"embeddable":true,"href":"https:\/\/soccerinteraction.com\/es\/wp-json\/wp\/v2\/users\/1"}],"replies":[{"embeddable":true,"href":"https:\/\/soccerinteraction.com\/es\/wp-json\/wp\/v2\/comments?post=30870"}],"version-history":[{"count":0,"href":"https:\/\/soccerinteraction.com\/es\/wp-json\/wp\/v2\/posts\/30870\/revisions"}],"wp:featuredmedia":[{"embeddable":true,"href":"https:\/\/soccerinteraction.com\/es\/wp-json\/wp\/v2\/media\/30948"}],"wp:attachment":[{"href":"https:\/\/soccerinteraction.com\/es\/wp-json\/wp\/v2\/media?parent=30870"}],"wp:term":[{"taxonomy":"category","embeddable":true,"href":"https:\/\/soccerinteraction.com\/es\/wp-json\/wp\/v2\/categories?post=30870"},{"taxonomy":"post_tag","embeddable":true,"href":"https:\/\/soccerinteraction.com\/es\/wp-json\/wp\/v2\/tags?post=30870"}],"curies":[{"name":"wp","href":"https:\/\/api.w.org\/{rel}","templated":true}]}}