{"id":29557,"date":"2021-04-16T08:46:42","date_gmt":"2021-04-16T08:46:42","guid":{"rendered":"https:\/\/soccerinteraction.com\/?p=29557"},"modified":"2021-10-28T14:01:38","modified_gmt":"2021-10-28T14:01:38","slug":"villareal-cf-sia-academy-partido-de-futbol","status":"publish","type":"post","link":"https:\/\/soccerinteraction.com\/es\/villareal-cf-sia-academy-partido-de-futbol","title":{"rendered":"Villareal CF &#8211; SIA Academy: Partido de f\u00fatbol"},"content":{"rendered":"\n<h2 class=\"wp-block-heading\">EMOCIONANTE PARTIDO ENTRE VILLARREAL CF Y SIA BENIG\u00c0NIM<\/h2>\n\n\n\n<p>El filial del <strong>Villarreal CF<\/strong> se vio las caras ante la <strong>UD SIA Benig\u00e0nim<\/strong> en la <strong>Fase II de promoci\u00f3n de Ascenso a Segunda Divisi\u00f3n<\/strong> RFEF.<\/p>\n\n\n\n<p>Dos de los <strong>mejores equipos Sub23<\/strong> de la Comunidad Valenciana se enfrentaron el pasado s\u00e1bado en el Municipal de Benig\u00e0nim. La <strong>UD SIA Benig\u00e0nim<\/strong>, gestionada por la <strong>Academia Internacional de F\u00fatbol<\/strong> de Soccer Inter-Action (SIA Academy), recibi\u00f3 al <strong>Villarreal CF &#8216;C&#8217;<\/strong>, filial del equipo que disputa la Primera Divisi\u00f3n Espa\u00f1ola de F\u00fatbol.<\/p>\n\n\n\n<figure class=\"wp-block-image size-large\"><img decoding=\"async\" width=\"600\" height=\"400\" src=\"https:\/\/soccerinteraction.com\/wp-content\/uploads\/2021\/04\/Academia-Internacional-Futbol.jpg\" alt=\"villareal CF vs SIA Academy 3 division\" class=\"wp-image-29561\" srcset=\"https:\/\/soccerinteraction.com\/wp-content\/uploads\/2021\/04\/Academia-Internacional-Futbol.jpg 600w, https:\/\/soccerinteraction.com\/wp-content\/uploads\/2021\/04\/Academia-Internacional-Futbol-300x200.jpg 300w, https:\/\/soccerinteraction.com\/wp-content\/uploads\/2021\/04\/Academia-Internacional-Futbol-280x187.jpg 280w\" sizes=\"(max-width: 600px) 100vw, 600px\" \/><\/figure>\n\n\n\n<p><\/p>\n\n\n\n<h3 class=\"wp-block-heading\"><strong>\u00bfC\u00f3mo es la liga de tercera divisi\u00f3n espa\u00f1ola 2021?<\/strong><\/h3>\n\n\n\n<p>La temporada 2020\/2021 de <strong>Tercera Divisi\u00f3n espa\u00f1ola<\/strong>, cuyo pr\u00f3ximo curso se denominar\u00e1 3\u00aa RFEF, tiene esta campa\u00f1a la particularidad de estar <strong>dividida en Dos Fases<\/strong>.<\/p>\n\n\n\n<p>Debido a la expansi\u00f3n de la COVID-19 y sus respectivos protocolos sanitarios de contenci\u00f3n, la Real Federaci\u00f3n Espa\u00f1ola reestructur\u00f3 esta competici\u00f3n en dos Fases con el objetivo de prevenir posibles partidos aplazados. Dichas fases se dividen en la lucha por la Permanencia y lucha por el <strong>Ascenso<\/strong>, donde la <strong>UD SIA Benig\u00e0nim y el Villarreal &#8216;C&#8217;<\/strong> est\u00e1n enrolados.<\/p>\n\n\n\n<figure class=\"wp-block-image size-large\"><img decoding=\"async\" width=\"600\" height=\"400\" src=\"https:\/\/soccerinteraction.com\/wp-content\/uploads\/2021\/04\/Beniganim-y-Villarreal-Futbol.jpg\" alt=\"villareal CF vs SIA Academy 3 division\" class=\"wp-image-29570\" srcset=\"https:\/\/soccerinteraction.com\/wp-content\/uploads\/2021\/04\/Beniganim-y-Villarreal-Futbol.jpg 600w, https:\/\/soccerinteraction.com\/wp-content\/uploads\/2021\/04\/Beniganim-y-Villarreal-Futbol-300x200.jpg 300w, https:\/\/soccerinteraction.com\/wp-content\/uploads\/2021\/04\/Beniganim-y-Villarreal-Futbol-280x187.jpg 280w\" sizes=\"(max-width: 600px) 100vw, 600px\" \/><\/figure>\n\n\n\n<p>Y es que la Fase I ha sido todo un \u00e9xito para el conjunto gestionado por <strong>SIA Academy,<\/strong> ya que los pupilos de Fernando G\u00f3mez Colomer -leyenda del Valencia CF- realizaron una gran actuaci\u00f3n y <strong>se clasificaron para la Fase de Ascenso <\/strong>en una m\u00e1s que meritoria quinta posici\u00f3n.<\/p>\n\n\n\n<p>Esta <strong>clasificaci\u00f3n <\/strong>ha llevado consigo la recompensa de disputar la Fase II de Promoci\u00f3n de Ascenso a Segunda Divisi\u00f3n RFEF, es decir, la antigua Segunda Divisi\u00f3n B &#8211; <strong>la tercera categor\u00eda m\u00e1s importante del F\u00fatbol en Espa\u00f1a<\/strong>-.<\/p>\n\n\n\n<figure class=\"wp-block-image size-large\"><img decoding=\"async\" width=\"600\" height=\"400\" src=\"https:\/\/soccerinteraction.com\/wp-content\/uploads\/2021\/04\/Villarreal-CF-en-Beniganim.jpg\" alt=\"villareal CF vs SIA Academy 3 division\" class=\"wp-image-29602\" srcset=\"https:\/\/soccerinteraction.com\/wp-content\/uploads\/2021\/04\/Villarreal-CF-en-Beniganim.jpg 600w, https:\/\/soccerinteraction.com\/wp-content\/uploads\/2021\/04\/Villarreal-CF-en-Beniganim-300x200.jpg 300w, https:\/\/soccerinteraction.com\/wp-content\/uploads\/2021\/04\/Villarreal-CF-en-Beniganim-280x187.jpg 280w\" sizes=\"(max-width: 600px) 100vw, 600px\" \/><\/figure>\n\n\n\n<h3 class=\"wp-block-heading\"><strong>Cr\u00f3nica de Partido de f\u00fatbol de tercera divisi\u00f3n de SIA Academy<\/strong><\/h3>\n\n\n\n<p>El<strong> Villarreal &#8216;C&#8217; CF<\/strong> ha sido otro de los equipos que m\u00e1s impresi\u00f3n ha causado este curso. Ambos comparten la particularidad de tener toda su plantilla formada por <strong>futbolistas Sub23<\/strong> y un estilo de juego atractivo para el p\u00fablico en donde el bal\u00f3n es el protagonista. Es por ello que se vivi\u00f3 en bonito y vibrante encuentro que acab\u00f3 llev\u00e1ndose el cuadro castellonense.<\/p>\n\n\n\n<p>No obstante, el marcador final de cero goles a dos podr\u00eda haber sido muy distinto en el caso de que Castilla hubiese marcado el golazo que estuvo a escasos cent\u00edmetros de conseguir. Y es que un disparo potente y lejano del interior derecho ganxut se estrell\u00f3 en el larguero en el 18&#8242; cuando la grada local ya cantaba el gol.<\/p>\n\n\n\n<figure class=\"wp-block-image size-large\"><img decoding=\"async\" width=\"600\" height=\"400\" src=\"https:\/\/soccerinteraction.com\/wp-content\/uploads\/2021\/04\/Futbol-Profesional-Espana.jpg\" alt=\"villareal CF vs SIA Academy 3 division\" class=\"wp-image-29578\" srcset=\"https:\/\/soccerinteraction.com\/wp-content\/uploads\/2021\/04\/Futbol-Profesional-Espana.jpg 600w, https:\/\/soccerinteraction.com\/wp-content\/uploads\/2021\/04\/Futbol-Profesional-Espana-300x200.jpg 300w, https:\/\/soccerinteraction.com\/wp-content\/uploads\/2021\/04\/Futbol-Profesional-Espana-280x187.jpg 280w\" sizes=\"(max-width: 600px) 100vw, 600px\" \/><\/figure>\n\n\n\n<p>A partir de esta ocasi\u00f3n, el <strong>Villarreal &#8216;C&#8217;<\/strong> disfrut\u00f3 de dos llegadas de peligro, convirtiendo el <strong>gol en el 26&#8242;.<\/strong> Su delantero <strong>Iv\u00e1n Ramos <\/strong>realiz\u00f3 un gran desmarque y no perdon\u00f3 ante el portero local Enric.<\/p>\n\n\n\n<p>Con el cero a uno en el luminoso, la <strong><a href=\"https:\/\/soccerinteraction.com\/es\/el-equipo-de-tercera-en-pretemporada\" target=\"_blank\" rel=\"noreferrer noopener\">UD SIA Benig\u00e0nim<\/a><\/strong> busc\u00f3 el empate, sobre todo a trav\u00e9s de su delantero Maikel, autor del \u00faltimo gol contra el Silla CF y muy activo durante toda la primera mitad frente al Villarreal &#8216;C&#8217;. No obstante, la defensa visitante se impuso a los intentos de ataque del SIA Benig\u00e0nim y se lleg\u00f3 al descanso sin mayores novedades.<\/p>\n\n\n\n<p>La <strong>segunda parte<\/strong> inici\u00f3 con mal sabor de boca para los de <strong><a href=\"https:\/\/soccerinteraction.com\/es\/fernando-gomez\" target=\"_blank\" rel=\"noreferrer noopener\">Fernando G\u00f3mez Colomer<\/a><\/strong>. Su capit\u00e1n, Quique Fabra, tuvo que retirarse lesionado en el minuto 51. Con esta lesi\u00f3n el centro del campo de la <strong>UD SIA Benig\u00e0nim<\/strong> se vio debilitada, ya que la baja de Fabra se sumaba a las de Kevin, Yeray, Vall\u00e9s o Peir\u00f3, piezas importantes en el esquema ganxut.<\/p>\n\n\n\n<figure class=\"wp-block-image size-large\"><img decoding=\"async\" width=\"600\" height=\"400\" src=\"https:\/\/soccerinteraction.com\/wp-content\/uploads\/2021\/04\/Jugar-Futbol-Profesional.jpg\" alt=\"villareal CF vs SIA Academy 3 division\" class=\"wp-image-29586\" srcset=\"https:\/\/soccerinteraction.com\/wp-content\/uploads\/2021\/04\/Jugar-Futbol-Profesional.jpg 600w, https:\/\/soccerinteraction.com\/wp-content\/uploads\/2021\/04\/Jugar-Futbol-Profesional-300x200.jpg 300w, https:\/\/soccerinteraction.com\/wp-content\/uploads\/2021\/04\/Jugar-Futbol-Profesional-280x187.jpg 280w\" sizes=\"(max-width: 600px) 100vw, 600px\" \/><\/figure>\n\n\n\n<p>Pese a ello, los locales no le perdieron la cara al partido y compitieron de poder a poder ante un <strong>Villarreal &#8216;C&#8217; <\/strong>que sentenci\u00f3 el choque en los compases finales del partido. <strong>De nuevo Iv\u00e1n Ramos<\/strong> fue el autor del gol del Submarino Amarillo, que super\u00f3 a Enric con un disparo raso pegado a la cepa del palo.<\/p>\n\n\n\n<p>Con los tres puntos en el bolsillo del Villarreal &#8216;C&#8217;, los castellonenses se colocan en una privilegiada posici\u00f3n de cara a los play-off por la \u00faltima plaza de ascenso. La pr\u00f3xima jornada recibir\u00e1n en casa al CD Ol\u00edmpic de X\u00e0tiva, donde un triunfo les certificar\u00eda pr\u00e1cticamente como equipo de play-off.<\/p>\n\n\n\n<figure class=\"wp-block-image size-large\"><img decoding=\"async\" width=\"600\" height=\"400\" src=\"https:\/\/soccerinteraction.com\/wp-content\/uploads\/2021\/04\/Tercera-Division-Espana.jpg\" alt=\"villareal CF vs SIA Academy 3 division\" class=\"wp-image-29594\" srcset=\"https:\/\/soccerinteraction.com\/wp-content\/uploads\/2021\/04\/Tercera-Division-Espana.jpg 600w, https:\/\/soccerinteraction.com\/wp-content\/uploads\/2021\/04\/Tercera-Division-Espana-300x200.jpg 300w, https:\/\/soccerinteraction.com\/wp-content\/uploads\/2021\/04\/Tercera-Division-Espana-280x187.jpg 280w\" sizes=\"(max-width: 600px) 100vw, 600px\" \/><\/figure>\n\n\n\n<h3 class=\"wp-block-heading\"><strong>Pr\u00f3ximo encuentro Fase de Ascenso 3 divisi\u00f3n<\/strong><\/h3>\n\n\n\n<p>Por su parte, la <strong>UD SIA Benig\u00e0nim<\/strong> viajar\u00e1 hasta el Campo El Perdiguer de Aldaia para verse las caras al <strong>Recambios Col\u00f3n<\/strong>, equipo dirigido por Langa -ext\u00e9cnico ganxut- que se caracteriza por un juego f\u00edsico y directo. Para este partido, se espera la entrada en convocatoria de varios integrantes de la Academia Internacional de F\u00fatbol de Soccer Inter-Action como premio a su buen hacer en el Juvenil de la <strong>UD SIA Benig\u00e0nim<\/strong> y a su progresi\u00f3n en el Programa Anual de Alto Rendimiento de SIA, ubicado en Enguera, Val\u00e8ncia (Espa\u00f1a).<\/p>\n","protected":false},"excerpt":{"rendered":"<p>EMOCIONANTE PARTIDO ENTRE VILLARREAL CF Y SIA BENIG\u00c0NIM El filial del Villarreal CF se vio las caras ante la UD SIA Benig\u00e0nim en la Fase II de promoci\u00f3n de Ascenso a Segunda Divisi\u00f3n RFEF. Dos de los mejores equipos Sub23 de la Comunidad Valenciana se enfrentaron el pasado s\u00e1bado en el Municipal de Benig\u00e0nim. La<\/p>\n","protected":false},"author":1,"featured_media":29612,"comment_status":"open","ping_status":"closed","sticky":false,"template":"","format":"standard","meta":[],"categories":[1,149],"tags":[],"_links":{"self":[{"href":"https:\/\/soccerinteraction.com\/es\/wp-json\/wp\/v2\/posts\/29557"}],"collection":[{"href":"https:\/\/soccerinteraction.com\/es\/wp-json\/wp\/v2\/posts"}],"about":[{"href":"https:\/\/soccerinteraction.com\/es\/wp-json\/wp\/v2\/types\/post"}],"author":[{"embeddable":true,"href":"https:\/\/soccerinteraction.com\/es\/wp-json\/wp\/v2\/users\/1"}],"replies":[{"embeddable":true,"href":"https:\/\/soccerinteraction.com\/es\/wp-json\/wp\/v2\/comments?post=29557"}],"version-history":[{"count":0,"href":"https:\/\/soccerinteraction.com\/es\/wp-json\/wp\/v2\/posts\/29557\/revisions"}],"wp:featuredmedia":[{"embeddable":true,"href":"https:\/\/soccerinteraction.com\/es\/wp-json\/wp\/v2\/media\/29612"}],"wp:attachment":[{"href":"https:\/\/soccerinteraction.com\/es\/wp-json\/wp\/v2\/media?parent=29557"}],"wp:term":[{"taxonomy":"category","embeddable":true,"href":"https:\/\/soccerinteraction.com\/es\/wp-json\/wp\/v2\/categories?post=29557"},{"taxonomy":"post_tag","embeddable":true,"href":"https:\/\/soccerinteraction.com\/es\/wp-json\/wp\/v2\/tags?post=29557"}],"curies":[{"name":"wp","href":"https:\/\/api.w.org\/{rel}","templated":true}]}}