{"id":22844,"date":"2020-08-24T11:10:09","date_gmt":"2020-08-24T11:10:09","guid":{"rendered":"https:\/\/soccerinteraction.com\/?p=22844"},"modified":"2022-03-20T22:59:50","modified_gmt":"2022-03-20T22:59:50","slug":"discobolo-la-torre-en-pretemporada","status":"publish","type":"post","link":"https:\/\/soccerinteraction.com\/es\/discobolo-la-torre-en-pretemporada","title":{"rendered":"Discobolo-La Torre en pretemporada"},"content":{"rendered":"\n<h2 class=\"wp-block-heading\">Empieza la pre-temporada nuestro equipo de f\u00fatbol amateur de pre-ferente<\/h2>\n\n\n\n<p><em>El <strong>Disc\u00f3bolo-La Torre A<\/strong>C, equipo de Regional Preferente Valenciana, vuelve a los terrenos de juego de cara a preparar una emocionante temporada repleta de novedades.<\/em><\/p>\n\n\n\n<p>Jos\u00e9 Enrique Lluch y su cuerpo t\u00e9cnico encabezan un inicio de pretemporada apasionante en el Centro de Alto Rendimiento de Soccer Inter-Action. Las instalaciones deportivas de \u00e9lite de SIA acogieron la primera sesi\u00f3n de <strong>pretemporada del Disc\u00f3bolo-La Torre AC<\/strong>, que esta campa\u00f1a volver\u00e1 a competir en la siempre emocionante Regional Preferente Valenciana.<\/p>\n\n\n\n<figure class=\"wp-block-image size-large is-style-rounded\"><img decoding=\"async\" width=\"612\" height=\"408\" src=\"https:\/\/soccerinteraction.com\/wp-content\/uploads\/2020\/08\/Pruebas-Futbol-Espana.jpg\" alt=\"pretemporada equipo de f\u00fatbol 4 divisi\u00f3n Disc\u00f3bolo - La Torre\" class=\"wp-image-22845\" srcset=\"https:\/\/soccerinteraction.com\/wp-content\/uploads\/2020\/08\/Pruebas-Futbol-Espana.jpg 612w, https:\/\/soccerinteraction.com\/wp-content\/uploads\/2020\/08\/Pruebas-Futbol-Espana-300x200.jpg 300w, https:\/\/soccerinteraction.com\/wp-content\/uploads\/2020\/08\/Pruebas-Futbol-Espana-280x187.jpg 280w\" sizes=\"(max-width: 612px) 100vw, 612px\" \/><\/figure>\n\n\n\n<p>Con un<strong> proyecto formativo-educativo<\/strong>, el <strong>Disc\u00f3bolo-La Torre<\/strong> trabajar\u00e1 codo con codo con la UD SIA Benig\u00e0nim con el objetivo de desarrollar a <strong>j\u00f3venes futbolistas Sub-23<\/strong>. De hecho, ambos proyectos, gestionados por Soccer Inter-Action, apuestan por tener formada su plantilla al completo por futbolistas nacidos entre el 2001 y 1998.<\/p>\n\n\n\n<p>Por todo ello, el <strong>Disc\u00f3bolo-La Torre AC<\/strong> ha seguido los pasos de la <strong><a href=\"https:\/\/soccerinteraction.com\/es\/el-equipo-de-tercera-en-pretemporada\" target=\"_blank\" rel=\"noreferrer noopener\">UD SIA Benig\u00e0nim<\/a><\/strong> y ha iniciado tambi\u00e9n la <strong>pretemporada<\/strong> en el Centro de Alto Rendimiento de Soccer Inter-Action, ubicado en Enguera (Valencia -Espa\u00f1a). No obstante, y sabedores que el comienzo de la temporada se ha demorado esta campa\u00f1a hasta octubre, el t\u00e9cnico Jos\u00e9 Enrique Lluch y su cuerpo t\u00e9cnico han planificado un calendario de <strong>pretemporada <\/strong>distinto a los que se realizaban en a\u00f1os anteriores.<\/p>\n\n\n\n<figure class=\"wp-block-image size-large\"><img decoding=\"async\" width=\"615\" height=\"406\" src=\"https:\/\/soccerinteraction.com\/wp-content\/uploads\/2020\/08\/Pretemporada-equipo-futbol-Sub23.jpg\" alt=\"entrenador discobolo latorre\" class=\"wp-image-22860\" srcset=\"https:\/\/soccerinteraction.com\/wp-content\/uploads\/2020\/08\/Pretemporada-equipo-futbol-Sub23.jpg 615w, https:\/\/soccerinteraction.com\/wp-content\/uploads\/2020\/08\/Pretemporada-equipo-futbol-Sub23-300x198.jpg 300w, https:\/\/soccerinteraction.com\/wp-content\/uploads\/2020\/08\/Pretemporada-equipo-futbol-Sub23-280x185.jpg 280w\" sizes=\"(max-width: 615px) 100vw, 615px\" \/><\/figure>\n\n\n\n<p>De esta manera, el <strong>Disc\u00f3bolo-La Torre AC<\/strong> estar\u00e1 entren\u00e1ndose durante las primeras semanas en las <strong><a href=\"https:\/\/soccerinteraction.com\/es\/sia-centro\" target=\"_blank\" rel=\"noreferrer noopener\">instalaciones deportivas<\/a><\/strong> de SIA para luego dar el salto al Campo de f\u00fatbol La Torre. Por tanto, en estas primeras sesiones se priorizar\u00e1 m\u00e1s el entrenamiento general y no espec\u00edfico para as\u00ed ver el nivel de todos los jugadores que se encuentran a prueba en el equipo.<\/p>\n\n\n\n<p>A la par de dichas pruebas, los j\u00f3venes futbolistas ya firmados para esta prometedora plantilla Sub-23 aprovecharan estas sesiones de <strong>pretemporada<\/strong> iniciales para coger ritmo y empezar a asimilar los primeros conceptos impartidos por el cuerpo t\u00e9cnico, que ya cuenta con un calendario de septiembre con fechas importantes a se\u00f1alar gracias a sus amistosos concertados.<\/p>\n\n\n\n<p>Para mayor incidencia en el nivel visto sobre el terreno de juego, el <strong>Disc\u00f3bolo-La Torre<\/strong> contar\u00e1 en estos entrenamientos de pretemporada con un buen n\u00famero de futbolistas Sub-23 de la Academia Internacional de F\u00fatbol de Soccer Inter-Action. Estos jugadores han iniciado ya el <a href=\"https:\/\/soccerinteraction.com\/es\/academia-futbol-alto-rendimiento\" target=\"_blank\" rel=\"noreferrer noopener\"><strong>Programa Anual de Alto Rendimiento<\/strong> <\/a>de SIA y el probarse en categor\u00edas como Regional Preferente Valenciana o Tercera Divisi\u00f3n Espa\u00f1ola es beneficioso para su desarrollo.<\/p>\n\n\n\n<figure class=\"wp-block-image size-large\"><img decoding=\"async\" width=\"1024\" height=\"576\" src=\"https:\/\/soccerinteraction.com\/wp-content\/uploads\/2020\/08\/Discobolo-La-Torre-pretemporada-en-SIA-1024x576.jpg\" alt=\"\" class=\"wp-image-22868\" srcset=\"https:\/\/soccerinteraction.com\/wp-content\/uploads\/2020\/08\/Discobolo-La-Torre-pretemporada-en-SIA-1024x576.jpg 1024w, https:\/\/soccerinteraction.com\/wp-content\/uploads\/2020\/08\/Discobolo-La-Torre-pretemporada-en-SIA-300x169.jpg 300w, https:\/\/soccerinteraction.com\/wp-content\/uploads\/2020\/08\/Discobolo-La-Torre-pretemporada-en-SIA-768x432.jpg 768w, https:\/\/soccerinteraction.com\/wp-content\/uploads\/2020\/08\/Discobolo-La-Torre-pretemporada-en-SIA-280x157.jpg 280w, https:\/\/soccerinteraction.com\/wp-content\/uploads\/2020\/08\/Discobolo-La-Torre-pretemporada-en-SIA.jpg 1599w\" sizes=\"(max-width: 1024px) 100vw, 1024px\" \/><\/figure>\n\n\n\n<p>Sin embargo, los pupilos de Jos\u00e9 Enrique Lluch y su cuerpo t\u00e9cnico saben bien qu\u00e9 les espera esta temporada. La Regional Preferente Valenciana esta campa\u00f1a ha aumentado el n\u00famero de equipos debido a la expansi\u00f3n de hace unos meses del COVID-19 y el nivel sin ninguna duda subir\u00e1 a\u00fan m\u00e1s. Es por ello que les queda una <strong>pretemporada<\/strong> de trabajo y esfuerzo para llegar a la primera jornada al cien por cien para as\u00ed tratar de convertirse en uno de los equipos m\u00e1s atractivos del Grupo 3 de Preferente.<\/p>\n\n\n\n<p>Este Grupo 3 lo formar\u00e1n, adem\u00e1s del <strong>Disc\u00f3bolo-La Torre AC<\/strong>, el CDA San Marcelino, el CD Utiel, el CD Bu\u00f1ol, el SC Requena, la UD Quart de Poblet, el Atl\u00e9tico Benimar Picanya AC, el Manises CF, la UD Juventut-Barrio del Cristo, el CD Monte-Si\u00f3n, la UD Aldaia CF, la Uni\u00f3 Benet\u00fasser-Favara CF, el Paiporta CF y el Alc\u00e0sser CF.<\/p>\n","protected":false},"excerpt":{"rendered":"<p>Empieza la pre-temporada nuestro equipo de f\u00fatbol amateur de pre-ferente El Disc\u00f3bolo-La Torre AC, equipo de Regional Preferente Valenciana, vuelve a los terrenos de juego de cara a preparar una emocionante temporada repleta de novedades. Jos\u00e9 Enrique Lluch y su cuerpo t\u00e9cnico encabezan un inicio de pretemporada apasionante en el Centro de Alto Rendimiento de<\/p>\n","protected":false},"author":1,"featured_media":22853,"comment_status":"open","ping_status":"closed","sticky":false,"template":"","format":"standard","meta":[],"categories":[1,149],"tags":[],"_links":{"self":[{"href":"https:\/\/soccerinteraction.com\/es\/wp-json\/wp\/v2\/posts\/22844"}],"collection":[{"href":"https:\/\/soccerinteraction.com\/es\/wp-json\/wp\/v2\/posts"}],"about":[{"href":"https:\/\/soccerinteraction.com\/es\/wp-json\/wp\/v2\/types\/post"}],"author":[{"embeddable":true,"href":"https:\/\/soccerinteraction.com\/es\/wp-json\/wp\/v2\/users\/1"}],"replies":[{"embeddable":true,"href":"https:\/\/soccerinteraction.com\/es\/wp-json\/wp\/v2\/comments?post=22844"}],"version-history":[{"count":0,"href":"https:\/\/soccerinteraction.com\/es\/wp-json\/wp\/v2\/posts\/22844\/revisions"}],"wp:featuredmedia":[{"embeddable":true,"href":"https:\/\/soccerinteraction.com\/es\/wp-json\/wp\/v2\/media\/22853"}],"wp:attachment":[{"href":"https:\/\/soccerinteraction.com\/es\/wp-json\/wp\/v2\/media?parent=22844"}],"wp:term":[{"taxonomy":"category","embeddable":true,"href":"https:\/\/soccerinteraction.com\/es\/wp-json\/wp\/v2\/categories?post=22844"},{"taxonomy":"post_tag","embeddable":true,"href":"https:\/\/soccerinteraction.com\/es\/wp-json\/wp\/v2\/tags?post=22844"}],"curies":[{"name":"wp","href":"https:\/\/api.w.org\/{rel}","templated":true}]}}