{"id":21861,"date":"2020-08-03T15:06:29","date_gmt":"2020-08-03T15:06:29","guid":{"rendered":"https:\/\/soccerinteraction.com\/?p=21861"},"modified":"2020-08-03T15:08:04","modified_gmt":"2020-08-03T15:08:04","slug":"copa-de-portugal-para-fcporto","status":"publish","type":"post","link":"https:\/\/soccerinteraction.com\/es\/copa-de-portugal-para-fcporto","title":{"rendered":"Copa de Portugal para FCPorto"},"content":{"rendered":"\n<h2 class=\"wp-block-heading\"><strong>EL FC PORTO\nCONQUISTA EL F\u00daTBOL PORTUGU\u00c9S<\/strong><\/h2>\n\n\n\n<p><em>Los Dragones redondean su gran temporada al lograr La<strong> Copa de Portugal<\/strong> y suman as\u00ed un nuevo doblete a su vitrina. Los goles de Chancel Mbemba fueron decisivos en una final en la que el Benfica volvi\u00f3 a verse superado.<\/em><\/p>\n\n\n\n<p>Ganadores como siempre, campeones como nunca. La ambici\u00f3n del <strong>FC Porto<\/strong> es ilimitada y temporada tras temporada lo demuestra. El club portugu\u00e9s vuelve a ser el <strong><a href=\"https:\/\/soccerinteraction.com\/es\/oporto-campeon-liga-portuguesa-2019-20\">claro dominador del f\u00fatbol en Portugal<\/a><\/strong> despu\u00e9s de conquistar otro hist\u00f3rico doblete, una haza\u00f1a que se repite por nada m\u00e1s y nada menos que octava vez.<\/p>\n\n\n\n<p>Ni quince d\u00edas hace que los pupilos de Sergio Concei\u00e7\u00e3o ganaron la<strong> Liga NOS <\/strong>para ahora volver a sacar el champagne. Los \u00e9xitos de esta campa\u00f1a 2019\/2020 han sido sobresalientes y la decimos\u00e9ptima <strong>Copa de Portugal <\/strong>ha sido la guinda del pastel. Los Dragones derrotaron a su eterno rival por dos goles a uno, y eso que el cuadro lisboeta tuvo el viento a favor gracias a varias decisiones arbitrales que pudieron cambiar el devenir de la final.<\/p>\n\n\n\n<h3 class=\"wp-block-heading\"><strong>\u00bfD\u00f3nde se disput\u00f3 la Copa de Portugal 2019-20?<\/strong><\/h3>\n\n\n\n<p>Final que se disput\u00f3 en el Estadio Ciudad de Coimbra y sin presencia de p\u00fablico debido a las restricciones gubernamentales para prevenir la expansi\u00f3n del COVID-19. Pese a que ninguno de los dos equipos cont\u00f3 con el aliento de los suyos, se pudo ver c\u00f3mo ambos conjuntos lo dieron todo por acaban conquistando la \u2018Ta\u00e7a\u2019.<\/p>\n\n\n\n<figure class=\"wp-block-image\"><img decoding=\"async\" width=\"600\" height=\"401\" src=\"https:\/\/soccerinteraction.com\/wp-content\/uploads\/2020\/08\/FINAL-COPA-FC-PORTO-CAMPEON.jpg\" alt=\"\" class=\"wp-image-21864\" srcset=\"https:\/\/soccerinteraction.com\/wp-content\/uploads\/2020\/08\/FINAL-COPA-FC-PORTO-CAMPEON.jpg 600w, https:\/\/soccerinteraction.com\/wp-content\/uploads\/2020\/08\/FINAL-COPA-FC-PORTO-CAMPEON-300x201.jpg 300w, https:\/\/soccerinteraction.com\/wp-content\/uploads\/2020\/08\/FINAL-COPA-FC-PORTO-CAMPEON-280x187.jpg 280w\" sizes=\"(max-width: 600px) 100vw, 600px\" \/><\/figure>\n\n\n\n<h3 class=\"wp-block-heading\"><strong>\u00bfC\u00f3mo fu\u00e9 el encuentro de la Copa de Portugal?<\/strong><\/h3>\n\n\n\n<p>De hecho, Sergio Concei\u00e7\u00e3o confi\u00f3 en sus once hombres m\u00e1s en forma: en la porter\u00eda Diogo Costa, los defensas Manaf\u00e1, Pepe, Mbemba y Telles; los centrocampistas Danilo, Uribe, Ot\u00e1vio, Corona y Luis D\u00edaz; y el delantero Marega. Por su parte, el Benfica apost\u00f3 por Odysseas como portero; los defensas Almeida, R\u00faben Dias, Jardel y Tavares; los centrocampistas Weigl, Gabriel, Pizzi y Cervi; y los delanteros Seferovic y Chiquinho.<\/p>\n\n\n\n<p>El mexicano Corona fue el primero en avisar de las intenciones del <strong>FC Porto<\/strong>. El \u2018Tecatito\u2019 no tard\u00f3 ni tres minutos en internarse dentro del \u00e1rea tras una bonita jugada asociativa con Marega para sacarse un potente disparo raso que oblig\u00f3 a Odysseas a sacar una mano abajo salvadora para detener el bal\u00f3n.<\/p>\n\n\n\n<p>Con el paso de los minutos el partido se fue equilibrando en cuanto a dominio y las ocasiones de gol brillaron por su ausencia. Corona continuaba creando muchos problemas por banda derecha mientras que los centros al \u00e1rea de Telles fueron un quebradero de cabeza para R\u00faben Dias y Jardel, pero sin \u00e9xito. Es m\u00e1s, fueron las decisiones arbitrales las que acapararon todos los focos. El colegiado no se lo pens\u00f3 dos veces en expulsar por doble amonestaci\u00f3n a Luis D\u00edaz -una de las cartulinas amarillas fue muy rigurosa y protestada por los Dragones- antes de que se cumpliesen los primeros cuarenta y cinco minutos.<\/p>\n\n\n\n<figure class=\"wp-block-image\"><img decoding=\"async\" width=\"600\" height=\"400\" src=\"https:\/\/soccerinteraction.com\/wp-content\/uploads\/2020\/08\/DOBLETE-FC-PORTO.jpg\" alt=\"\" class=\"wp-image-21873\" srcset=\"https:\/\/soccerinteraction.com\/wp-content\/uploads\/2020\/08\/DOBLETE-FC-PORTO.jpg 600w, https:\/\/soccerinteraction.com\/wp-content\/uploads\/2020\/08\/DOBLETE-FC-PORTO-300x200.jpg 300w, https:\/\/soccerinteraction.com\/wp-content\/uploads\/2020\/08\/DOBLETE-FC-PORTO-280x187.jpg 280w\" sizes=\"(max-width: 600px) 100vw, 600px\" \/><\/figure>\n\n\n\n<p>As\u00ed pues, durante toda la segunda parte el Benfica jug\u00f3 con un futbolista m\u00e1s, algo que no le sirvi\u00f3 de nada. Y es que nada m\u00e1s reanudarse la final de Copa de Portugal marc\u00f3 el <strong>FC Porto<\/strong> por mediaci\u00f3n de Chancel Mbemba. El defensa central remat\u00f3 de cabeza un despeje del cancerbero Odysseas y puso as\u00ed por delante a los Dragones. Los de Sergio Concei\u00e7\u00e3o dieron un golpe sobre la mesa diez minutos m\u00e1s tarde con precisamente otra diana de Mbemba. Tambi\u00e9n de cabeza tras una falta sacada por Ot\u00e1vio con la m\u00e1xima precisi\u00f3n posible.<\/p>\n\n\n\n<p>Con dos a cero en el marcador, el <strong>FC Porto<\/strong> se dedic\u00f3 a controlar el tiempo de partido y a contrarrestar los ataques a la desesperada del Benfica con contragolpes r\u00e1pidos y peligrosos. Carlos Vin\u00edcius fue el jugador m\u00e1s incisivo a la hora de crear problemas a Diogo Costa, pero no pudo superarle hasta el \u00e1rbitro se\u00f1al\u00f3 en el minuto 83 un penalti tambi\u00e9n muy riguroso de Diogo Leite. A partir de aqu\u00ed, los Dragones se defendieron con u\u00f1as y dientes y terminaron con cualquier esperanza de remontada rival.<\/p>\n\n\n\n<figure class=\"wp-block-image\"><img decoding=\"async\" width=\"600\" height=\"400\" src=\"https:\/\/soccerinteraction.com\/wp-content\/uploads\/2020\/08\/IKER-CASILLAS-EN-FC-PORTO.jpg\" alt=\"Iker Casilla FCPorto\" class=\"wp-image-21882\" srcset=\"https:\/\/soccerinteraction.com\/wp-content\/uploads\/2020\/08\/IKER-CASILLAS-EN-FC-PORTO.jpg 600w, https:\/\/soccerinteraction.com\/wp-content\/uploads\/2020\/08\/IKER-CASILLAS-EN-FC-PORTO-300x200.jpg 300w, https:\/\/soccerinteraction.com\/wp-content\/uploads\/2020\/08\/IKER-CASILLAS-EN-FC-PORTO-280x187.jpg 280w\" sizes=\"(max-width: 600px) 100vw, 600px\" \/><\/figure>\n\n\n\n<h3 class=\"wp-block-heading\"><strong>Celebraci\u00f3n del triumfo de la Copa de Portugal<\/strong><\/h3>\n\n\n\n<p>El momento m\u00e1s emotivo de la victoria fue sin duda cuando el <strong>FC Porto<\/strong>, partner oficial en Espa\u00f1a de Soccer Inter-Action, procedi\u00f3 a <strong>levantar la Copa<\/strong>. El t\u00e9cnico Sergio Concei\u00e7\u00e3o y todos sus jugadores se acercaros a las gradas del Estadio Ciudad de Coimbra para invitar a <strong>Iker Casillas<\/strong> -presente en el palco- a ser quien levantase el trofeo. El excapit\u00e1n de los Dragones recogi\u00f3 el guante lanzado por sus antiguos compa\u00f1eros y pudo as\u00ed disfrutar tambi\u00e9n de este \u00e9xito, demostrando una vez m\u00e1s la grandeza del club y el peso que sigue teniendo el portero espa\u00f1ol, padrino de la Escuela de F\u00fatbol <strong>FC Porto Dragon Force Valencia<\/strong>.<\/p>\n","protected":false},"excerpt":{"rendered":"<p>EL FC PORTO CONQUISTA EL F\u00daTBOL PORTUGU\u00c9S Los Dragones redondean su gran temporada al lograr La Copa de Portugal y suman as\u00ed un nuevo doblete a su vitrina. Los goles de Chancel Mbemba fueron decisivos en una final en la que el Benfica volvi\u00f3 a verse superado. Ganadores como siempre, campeones como nunca. La ambici\u00f3n<\/p>\n","protected":false},"author":1,"featured_media":21891,"comment_status":"open","ping_status":"closed","sticky":false,"template":"","format":"standard","meta":[],"categories":[1],"tags":[],"_links":{"self":[{"href":"https:\/\/soccerinteraction.com\/es\/wp-json\/wp\/v2\/posts\/21861"}],"collection":[{"href":"https:\/\/soccerinteraction.com\/es\/wp-json\/wp\/v2\/posts"}],"about":[{"href":"https:\/\/soccerinteraction.com\/es\/wp-json\/wp\/v2\/types\/post"}],"author":[{"embeddable":true,"href":"https:\/\/soccerinteraction.com\/es\/wp-json\/wp\/v2\/users\/1"}],"replies":[{"embeddable":true,"href":"https:\/\/soccerinteraction.com\/es\/wp-json\/wp\/v2\/comments?post=21861"}],"version-history":[{"count":0,"href":"https:\/\/soccerinteraction.com\/es\/wp-json\/wp\/v2\/posts\/21861\/revisions"}],"wp:featuredmedia":[{"embeddable":true,"href":"https:\/\/soccerinteraction.com\/es\/wp-json\/wp\/v2\/media\/21891"}],"wp:attachment":[{"href":"https:\/\/soccerinteraction.com\/es\/wp-json\/wp\/v2\/media?parent=21861"}],"wp:term":[{"taxonomy":"category","embeddable":true,"href":"https:\/\/soccerinteraction.com\/es\/wp-json\/wp\/v2\/categories?post=21861"},{"taxonomy":"post_tag","embeddable":true,"href":"https:\/\/soccerinteraction.com\/es\/wp-json\/wp\/v2\/tags?post=21861"}],"curies":[{"name":"wp","href":"https:\/\/api.w.org\/{rel}","templated":true}]}}