{"id":21309,"date":"2020-07-28T13:33:18","date_gmt":"2020-07-28T13:33:18","guid":{"rendered":"https:\/\/soccerinteraction.com\/?p=21309"},"modified":"2020-07-28T13:33:21","modified_gmt":"2020-07-28T13:33:21","slug":"oporto-campeon-liga-portuguesa-2019-20","status":"publish","type":"post","link":"https:\/\/soccerinteraction.com\/es\/oporto-campeon-liga-portuguesa-2019-20","title":{"rendered":"Oporto Campe\u00f3n Liga Portuguesa 2019-20"},"content":{"rendered":"\n<h2 class=\"wp-block-heading\"><strong>CAMPEONES DE LA\nLIGA DE F\u00daTBOL DE PORTUGAL<\/strong><\/h2>\n\n\n\n<p><em>Soccer Inter-Action, partner oficial del <strong>FC Porto<\/strong> en Espa\u00f1a, se congratula del <strong>t\u00edtulo de Liga<\/strong> conquistado por un club que suma ya su 29\u00ba campeonato. La UEFA Champions League ser\u00e1 el siguiente desaf\u00edo del curso que viene.<\/em><\/p>\n\n\n\n<p>Esto no es como empieza, sino como acaba. La temporada 2019\/2020 del <strong>FC Porto<\/strong> ser\u00e1 recordada por el esp\u00edritu de la remontada tras la reanudaci\u00f3n de la <strong>Liga de F\u00fatbol de Portugal<\/strong> debido al par\u00f3n por el COVID-19. Y es que despu\u00e9s de la inactividad generada por la pandemia, el equipo dirigido por S\u00e9rgio Concei\u00e7\u00e3o&nbsp;tard\u00f3 unas jornadas en demostrar todo el talento que tiene. Eso s\u00ed, una vez cogido el ritmo de competici\u00f3n fueron una aut\u00e9ntica apisonadora. <\/p>\n\n\n\n<p>La prueba de fuego de los Dragones fue sin duda el Cl\u00e1sico ante el Sporting de Portugal. Do Dragao se visti\u00f3 de gala para recibir un partido en el que hab\u00eda algo m\u00e1s de tres puntos en juego, ya que un triunfo o empate del <strong>FC Porto <\/strong>le proclamaba <strong>campe\u00f3n de la Primera Divisi\u00f3n de Portugal<\/strong>, llamada por motivos de patrocinio <strong>Liga NOS<\/strong>. Al final de los noventa minutos, el marcador reflej\u00f3 el tan esperado dos a cero para los Dragones, pero para ello los de S\u00e9rgio Concei\u00e7\u00e3o&nbsp;tuvieron que darlo todo.<\/p>\n\n\n\n<figure class=\"wp-block-image\"><img decoding=\"async\" width=\"600\" height=\"339\" src=\"https:\/\/soccerinteraction.com\/wp-content\/uploads\/2020\/07\/FC-Porto-gana-cl\u00e1sico-de-futbol-de-Portugal.jpg\" alt=\"FCPorto campeon de liga portuguesa\" class=\"wp-image-21319\" srcset=\"https:\/\/soccerinteraction.com\/wp-content\/uploads\/2020\/07\/FC-Porto-gana-cl\u00e1sico-de-futbol-de-Portugal.jpg 600w, https:\/\/soccerinteraction.com\/wp-content\/uploads\/2020\/07\/FC-Porto-gana-cl\u00e1sico-de-futbol-de-Portugal-300x170.jpg 300w, https:\/\/soccerinteraction.com\/wp-content\/uploads\/2020\/07\/FC-Porto-gana-cl\u00e1sico-de-futbol-de-Portugal-280x158.jpg 280w\" sizes=\"(max-width: 600px) 100vw, 600px\" \/><\/figure>\n\n\n\n<p>De hecho, el Sporting de Portugal se adelant\u00f3 en el luminoso en el minuto uno por medio de Sporar, que se aprovech\u00f3 de estar en una posici\u00f3n de fuera de juego para llevar el bal\u00f3n al fondo de la porter\u00eda. Sin embargo, tuvo que ser el VAR quien avisara de esta ilegalidad al \u00e1rbitro para que \u00e9ste lo anulase y regresase el empate a cero al marcador. Tras el paso por los vestuarios el resultado continuaba siendo igual y pese a que le era suficiente al <strong>FC Porto<\/strong> acabar as\u00ed, los Dragones dieron un paso adelante en busca de ponerse por delante y as\u00ed tener una tranquilidad que les liberase de toda presi\u00f3n.<\/p>\n\n\n\n<p>Danilo en el minuto 64 fue el autor de la primera diana. El centrocampista e insignia blanquiazul hizo bueno el espectacular saque de esquina lanzado por Telles para con un gran remate de cabeza batir a Luis Maximiano. A partir de aqu\u00ed, el <strong>FC Port<\/strong>o se puso el mono de trabajo con la misi\u00f3n de no encajar goles y aprovechar cualquier error del rival para contragolpear, es decir, la especialidad de la casa. Marega en el tiempo extra puso la guinda poniendo en pr\u00e1ctica esta estrategia y con esta diana sentenci\u00f3 el partido y <strong>la Liga,<\/strong> ya que a falta de dos jornadas por disputarse el <strong>FC Porto<\/strong> le aventajaba en ocho puntos al Benfica.<\/p>\n\n\n\n<p>Benfica que tendr\u00e1 que ver c\u00f3mo su m\u00e1ximo rival levanta el trofeo que le proclama <strong>Campe\u00f3n de la Liga de Portugal<\/strong>. Este <strong>t\u00edtulo<\/strong> ser\u00e1 la 29\u00aa liga conquistada por unos Dragones que de esta forma vuelven a alcanzar la gloria tras una pasada campa\u00f1a en la que se quedaron a las puertas. S\u00e9rgio Concei\u00e7\u00e3o, de esta forma, repite el \u00e9xito desde el banquillo y demuestra que la paciencia en un proyecto largo y ambicioso tiene sus frutos.<\/p>\n\n\n\n<h3 class=\"wp-block-heading\"><strong>Objetivo: UEFA Champions\nLeague<\/strong><\/h3>\n\n\n\n<p>El salir campe\u00f3n de la <strong>Liga NOS<\/strong> tiene la recompensa de clasificarse de manera directa a la <strong>UEFA Champions League<\/strong>, lo que conlleva unos ingresos y una exposici\u00f3n medi\u00e1tica inigualable. Adem\u00e1s, el m\u00e1ximo torneo continental a nivel de clubes es un campeonato que se le da muy bien al FC <strong>Porto<\/strong>. De hecho, los Dragones han conquistado dos <strong>UEFA Champions <\/strong>League, la primera en la temporada 1986\/1987 y la segunda en la campa\u00f1a 2003\/2004. <\/p>\n\n\n\n<p>Esta din\u00e1mica de buenas actuaciones en la <strong>UEFA Champions League<\/strong> se volvi\u00f3 a demostrar en la edici\u00f3n pasada -no la actual, que todav\u00eda est\u00e1 por decidirse-, en donde los pupilos de S\u00e9rgio Concei\u00e7\u00e3o alcanzaron los octavos de final, siendo eliminados por el que se convertir\u00eda en el campe\u00f3n de esta temporada, el todopoderoso Liverpool FC.<\/p>\n\n\n\n<figure class=\"wp-block-image\"><img decoding=\"async\" width=\"600\" height=\"400\" src=\"https:\/\/soccerinteraction.com\/wp-content\/uploads\/2020\/07\/FC-Porto-Champions-League-Liverpool.jpg\" alt=\"FCporto campe\u00f3n\" class=\"wp-image-21328\" srcset=\"https:\/\/soccerinteraction.com\/wp-content\/uploads\/2020\/07\/FC-Porto-Champions-League-Liverpool.jpg 600w, https:\/\/soccerinteraction.com\/wp-content\/uploads\/2020\/07\/FC-Porto-Champions-League-Liverpool-300x200.jpg 300w, https:\/\/soccerinteraction.com\/wp-content\/uploads\/2020\/07\/FC-Porto-Champions-League-Liverpool-280x187.jpg 280w\" sizes=\"(max-width: 600px) 100vw, 600px\" \/><\/figure>\n\n\n\n<p>As\u00ed pues, la tarea de igualar\ncomo m\u00ednimo el resultado de la Liga de Campeones 2018\/2019 no ser\u00e1 nada f\u00e1cil,\npero los Dragones volver\u00e1n a confeccionar un equipo ambicioso y joven con el\nobjetivo de llevar su metodolog\u00eda y filosof\u00eda de juego a lo m\u00e1s alto del f\u00fatbol\neuropeo.<\/p>\n\n\n\n<h3 class=\"wp-block-heading\"><strong>FC Porto apuesta por los\njugadores j\u00f3venes<\/strong><\/h3>\n\n\n\n<p>En la b\u00fasqueda incansable de talento. La red de ojeadores y escuelas del FC Porto le permite ser <strong>uno de los clubes europeos con m\u00e1s prestigio a la hora de formar futbolistas.<\/strong> Sabedores de ello, <strong>Soccer Inter-Action <\/strong>se convirti\u00f3 en <strong>partner oficial del FC Porto en Espa\u00f1a<\/strong> con la misi\u00f3n de establecer una Escuela de F\u00fatbol capaz de detectar el talento espa\u00f1ol e internacional y darles una salida en este importante club de f\u00fatbol portugu\u00e9s.<\/p>\n\n\n\n<figure class=\"wp-block-image\"><img decoding=\"async\" width=\"1024\" height=\"683\" src=\"https:\/\/soccerinteraction.com\/wp-content\/uploads\/2020\/07\/Romario-Baro-en-Academia-Internacional-de-Futbol-en-Espa\u00f1a-1024x683.jpg\" alt=\"Romario Baro\" class=\"wp-image-21337\" srcset=\"https:\/\/soccerinteraction.com\/wp-content\/uploads\/2020\/07\/Romario-Baro-en-Academia-Internacional-de-Futbol-en-Espa\u00f1a-1024x683.jpg 1024w, https:\/\/soccerinteraction.com\/wp-content\/uploads\/2020\/07\/Romario-Baro-en-Academia-Internacional-de-Futbol-en-Espa\u00f1a-300x200.jpg 300w, https:\/\/soccerinteraction.com\/wp-content\/uploads\/2020\/07\/Romario-Baro-en-Academia-Internacional-de-Futbol-en-Espa\u00f1a-768x512.jpg 768w, https:\/\/soccerinteraction.com\/wp-content\/uploads\/2020\/07\/Romario-Baro-en-Academia-Internacional-de-Futbol-en-Espa\u00f1a-280x187.jpg 280w, https:\/\/soccerinteraction.com\/wp-content\/uploads\/2020\/07\/Romario-Baro-en-Academia-Internacional-de-Futbol-en-Espa\u00f1a.jpg 1170w\" sizes=\"(max-width: 1024px) 100vw, 1024px\" \/><\/figure>\n\n\n\n<p>Es m\u00e1s, jugadores del primer equipo que a d\u00eda de hoy est\u00e1n triunfando han pasado por el<strong> <\/strong><a href=\"https:\/\/soccerinteraction.com\/es\/sia-centro\"><strong>Centro de Alto Rendimiento de Soccer Inter-Action<\/strong><\/a>. Ejemplos de ellos son <strong>Rom\u00e1rio Bar\u00f3, Diogo Leite, Diogo Costa o V\u00edtor Ferreira,<\/strong> que realizaron con el FC Porto B la pretemporada en las instalaciones de \u00e9lite de SIA -ubicadas en Enguera (Valencia, Espa\u00f1a)- y compartieron vestuario con Guille Franc\u00e9s, uno de los futbolistas formados en Soccer Inter-Action y que estuvieron a prueba con los Dragones.<\/p>\n\n\n\n<p>Otro de los jugadores que tambi\u00e9n tuvieron la posibilidad de demostrar todo su talento defendiendo los colores del <strong>FC Porto<\/strong> fue Puma. El defensa mexicano destac\u00f3 en la <strong>Academia Internacional de F\u00fatbol en Espa\u00f1a <\/strong>de <strong>Soccer Inter-Action<\/strong> y llam\u00f3 la atenci\u00f3n de los t\u00e9cnicos del club luso, que no dud\u00f3 a la hora de poner a Puma a entrenarse con el resto de futbolistas de su equipo filial, compuesto por jugadores SUB23 que buscan terminar de formarse para dar el salto al FC Porto o a otro conjunto de la \u00e9lite, tanto portuguesa como europea.<\/p>\n\n\n\n<figure class=\"wp-block-image\"><img decoding=\"async\" width=\"600\" height=\"383\" src=\"https:\/\/soccerinteraction.com\/wp-content\/uploads\/2020\/07\/Pruebas-de-Futbol-en-Espa\u00f1a-FC-Porto.jpg\" alt=\"Soccer Inter-Action FCPorto pruebas\" class=\"wp-image-21346\" srcset=\"https:\/\/soccerinteraction.com\/wp-content\/uploads\/2020\/07\/Pruebas-de-Futbol-en-Espa\u00f1a-FC-Porto.jpg 600w, https:\/\/soccerinteraction.com\/wp-content\/uploads\/2020\/07\/Pruebas-de-Futbol-en-Espa\u00f1a-FC-Porto-300x192.jpg 300w, https:\/\/soccerinteraction.com\/wp-content\/uploads\/2020\/07\/Pruebas-de-Futbol-en-Espa\u00f1a-FC-Porto-280x179.jpg 280w\" sizes=\"(max-width: 600px) 100vw, 600px\" \/><\/figure>\n\n\n\n<p>De hecho, <strong>Terry Desrues <\/strong>ha sido otro futbolista formado en la <strong>Academia Internacional de F\u00fatbol de Soccer Inter-Action<\/strong> que se ha hecho un hueco en la \u00e9lite del f\u00fatbol portugu\u00e9s gracias a una prueba de f\u00fatbol en Europa conseguida por Soccer Inter-Action. El defensa franc\u00e9s esta pr\u00f3xima temporada <strong>jugar\u00e1 en el filial SUB23 de Os Belenenses<\/strong> tras pasar tambi\u00e9n por el CD Tondela, donde finaliz\u00f3 su etapa juvenil tras pasar por el Centro de Alto Rendimiento de Soccer Inter-Action.<\/p>\n\n\n\n<p>En edad juvenil tambi\u00e9n fue Pedro Santos a probar con el <strong>FC Porto <\/strong>a sus instalaciones en la ciudad lusa. El extremo es un ejemplo del talento que se est\u00e1 desarrollando en la Escuela de F\u00fatbol FC Porto Dragon Force Valencia y no pas\u00f3 desapercibido para los t\u00e9cnicos del conjunto de los Dragones.<\/p>\n\n\n\n<h3 class=\"wp-block-heading\"><strong>La importancia de los\nCampus y Clinics de f\u00fatbol en Espa\u00f1a<\/strong><\/h3>\n\n\n\n<p>La mayor\u00eda de jugadores que terminan siendo captados por clubes de f\u00fatbol europeos de \u00e9lite han pasado por <strong>Campus o Clinics de alto rendimiento<\/strong>, sobre todo en verano. Y es que en esta \u00e9poca del a\u00f1o es donde el jugador vuelve a coger el ritmo competitivo y se prepara para las jornadas de pruebas de f\u00fatbol, tanto a niveles de clubes como de Academias. De hecho, la <strong>Academia Internacional de F\u00fatbol<\/strong> de Soccer Inter-Action se caracteriza por la gran cantidad de jugadores que apuestan por sus Clinics de F\u00fatbol en Espa\u00f1a y Programas Anuales de formaci\u00f3n para desarrollar todo su potencial.<\/p>\n\n\n\n<figure class=\"wp-block-image\"><img decoding=\"async\" width=\"600\" height=\"377\" src=\"https:\/\/soccerinteraction.com\/wp-content\/uploads\/2020\/07\/Academia-Internacional-de-F\u00fatbol-en-Espa\u00f1a-Soccer-Inter-Action.jpg\" alt=\"campamentos FCPorto Espa\u00f1a\" class=\"wp-image-21355\" srcset=\"https:\/\/soccerinteraction.com\/wp-content\/uploads\/2020\/07\/Academia-Internacional-de-F\u00fatbol-en-Espa\u00f1a-Soccer-Inter-Action.jpg 600w, https:\/\/soccerinteraction.com\/wp-content\/uploads\/2020\/07\/Academia-Internacional-de-F\u00fatbol-en-Espa\u00f1a-Soccer-Inter-Action-300x189.jpg 300w, https:\/\/soccerinteraction.com\/wp-content\/uploads\/2020\/07\/Academia-Internacional-de-F\u00fatbol-en-Espa\u00f1a-Soccer-Inter-Action-280x176.jpg 280w\" sizes=\"(max-width: 600px) 100vw, 600px\" \/><\/figure>\n\n\n\n<p>De esta manera, el <strong>Centro de Alto Rendimiento de Soccer Inter-Action<\/strong> se convierte en una referencia para aquellos futbolistas que quieren dar un paso m\u00e1s en su objetivo de alcanzar el sue\u00f1o de jugar en la \u00e9lite. Por esta raz\u00f3n, las instalaciones de SIA recogen a futbolistas llegados de todos los rincones del planeta, algo que hace \u00fanica esta experiencia, pues no s\u00f3lo los jugadores se desarrollan deportivamente, sino que tambi\u00e9n reciben su formaci\u00f3n acad\u00e9mica gracias a los acuerdos de Soccer Inter-Action con entidades de la talla del British School.<\/p>\n\n\n\n<p>Paralelamente a los <strong><a href=\"https:\/\/soccerinteraction.com\/es\/academia-futbol-alto-rendimiento\/\">Clinics y Programas Anuales de la Academia <\/a><\/strong>Internacional de F\u00fatbol de Soccer Inter-Action, en SIA tambi\u00e9n se encuentra la <strong>Escuela de F\u00fatbol FC Porto Dragon Force Valencia<\/strong>, donde todos los veranos organiza un <strong><a href=\"https:\/\/soccerinteraction.com\/es\/campus-de-verano\">Campus de Alto Rendimiento<\/a><\/strong> con la misi\u00f3n de entrenar durante todo el verano de la mano de los t\u00e9cnicos del reci\u00e9n proclamado campe\u00f3n de la Liga Portuguesa. <\/p>\n\n\n\n<h3 class=\"wp-block-heading\"><strong>Triunfa en la Liga Espa\u00f1ola\nde F\u00fatbol<\/strong><\/h3>\n\n\n\n<p>Para mayor dosis de motivaci\u00f3n del joven jugador, <strong>Soccer Inter-Action<\/strong> no s\u00f3lo es el partner oficial del FC Porto en Espa\u00f1a, sino que tambi\u00e9n ha apostado por <strong>gestionar equipos de diversas categor\u00edas del f\u00fatbol espa\u00f1ol <\/strong>con el objetivo de que sus j\u00f3venes futbolistas destaquen y tengan mayor visibilidad.<\/p>\n\n\n\n<figure class=\"wp-block-image\"><img decoding=\"async\" width=\"600\" height=\"436\" src=\"https:\/\/soccerinteraction.com\/wp-content\/uploads\/2020\/07\/Pruebas-de-F\u00fatbol-Tercera-Division-de-Espa\u00f1a.jpg\" alt=\"equipo 3 division espa\u00f1ola\" class=\"wp-image-21363\" srcset=\"https:\/\/soccerinteraction.com\/wp-content\/uploads\/2020\/07\/Pruebas-de-F\u00fatbol-Tercera-Division-de-Espa\u00f1a.jpg 600w, https:\/\/soccerinteraction.com\/wp-content\/uploads\/2020\/07\/Pruebas-de-F\u00fatbol-Tercera-Division-de-Espa\u00f1a-300x218.jpg 300w, https:\/\/soccerinteraction.com\/wp-content\/uploads\/2020\/07\/Pruebas-de-F\u00fatbol-Tercera-Division-de-Espa\u00f1a-257x187.jpg 257w\" sizes=\"(max-width: 600px) 100vw, 600px\" \/><\/figure>\n\n\n\n<p>De esta forma, los jugadores SUB23 se ven enrolados en equipos de Tercera Divisi\u00f3n de Espa\u00f1a como la <strong><a href=\"https:\/\/soccerinteraction.com\/es\/fernando-gomez\">UD SIA Benig\u00e0nim<\/a><\/strong> o en la Regional Preferente Valenciana como el<strong><a href=\"https:\/\/soccerinteraction.com\/es\/equipo-sia-amateur-sub-23-preferente\"> Disc\u00f3bolo-La Torre AC<\/a><\/strong>, que a la postre cuenta con un equipo femenino que se encuentra compitiendo en la segunda categor\u00eda m\u00e1xima del f\u00fatbol femenino espa\u00f1ol.<\/p>\n\n\n\n<p>Por este motivo, tanto <strong>Soccer Inter-Action<\/strong> como el<strong> FC Porto <\/strong>centran su atenci\u00f3n en verano en sus pruebas de f\u00fatbol en Espa\u00f1a, ya que el jugador internacional puede tener en el Centro de Alto Rendimiento de SIA su primera toma de contacto para ser visto por todos los t\u00e9cnicos y tener as\u00ed su oportunidad de hacerse un hueco en el f\u00fatbol espa\u00f1ol, portugu\u00e9s o del resto de Europa.<\/p>\n","protected":false},"excerpt":{"rendered":"<p>CAMPEONES DE LA LIGA DE F\u00daTBOL DE PORTUGAL Soccer Inter-Action, partner oficial del FC Porto en Espa\u00f1a, se congratula del t\u00edtulo de Liga conquistado por un club que suma ya su 29\u00ba campeonato. La UEFA Champions League ser\u00e1 el siguiente desaf\u00edo del curso que viene. Esto no es como empieza, sino como acaba. La temporada<\/p>\n","protected":false},"author":1,"featured_media":21311,"comment_status":"open","ping_status":"closed","sticky":false,"template":"","format":"standard","meta":[],"categories":[1],"tags":[],"_links":{"self":[{"href":"https:\/\/soccerinteraction.com\/es\/wp-json\/wp\/v2\/posts\/21309"}],"collection":[{"href":"https:\/\/soccerinteraction.com\/es\/wp-json\/wp\/v2\/posts"}],"about":[{"href":"https:\/\/soccerinteraction.com\/es\/wp-json\/wp\/v2\/types\/post"}],"author":[{"embeddable":true,"href":"https:\/\/soccerinteraction.com\/es\/wp-json\/wp\/v2\/users\/1"}],"replies":[{"embeddable":true,"href":"https:\/\/soccerinteraction.com\/es\/wp-json\/wp\/v2\/comments?post=21309"}],"version-history":[{"count":0,"href":"https:\/\/soccerinteraction.com\/es\/wp-json\/wp\/v2\/posts\/21309\/revisions"}],"wp:featuredmedia":[{"embeddable":true,"href":"https:\/\/soccerinteraction.com\/es\/wp-json\/wp\/v2\/media\/21311"}],"wp:attachment":[{"href":"https:\/\/soccerinteraction.com\/es\/wp-json\/wp\/v2\/media?parent=21309"}],"wp:term":[{"taxonomy":"category","embeddable":true,"href":"https:\/\/soccerinteraction.com\/es\/wp-json\/wp\/v2\/categories?post=21309"},{"taxonomy":"post_tag","embeddable":true,"href":"https:\/\/soccerinteraction.com\/es\/wp-json\/wp\/v2\/tags?post=21309"}],"curies":[{"name":"wp","href":"https:\/\/api.w.org\/{rel}","templated":true}]}}