{"id":15380,"date":"2019-12-05T06:01:24","date_gmt":"2019-12-05T06:01:24","guid":{"rendered":"https:\/\/soccerinteraction.com\/?p=15380"},"modified":"2021-10-28T16:55:48","modified_gmt":"2021-10-28T16:55:48","slug":"marta-y-nadia-a-la-seleccion-valenciana","status":"publish","type":"post","link":"https:\/\/soccerinteraction.com\/es\/marta-y-nadia-a-la-seleccion-valenciana","title":{"rendered":"Marta y Nadia a la Selecci\u00f3n Valenciana"},"content":{"rendered":"\n<h2 class=\"wp-block-heading\"> <br>Convocadas para La Selecci\u00f3n Valenciana dos <a href=\"https:\/\/soccerinteraction.com\/es\/torneo-de-futbol-femenino\" target=\"_blank\" rel=\"noreferrer noopener\">jugadoras del equipo femenino<\/a> de FC Porto Dragon Force <\/h2>\n\n\n\n<p><em>La <strong>Federaci\u00f3n de F\u00fatbol de la Comunidad Valenciana<\/strong> ha dado a conocer a las jugadoras que estar\u00e1n presentes en La Murta para realizar un entrenamiento de tecnificaci\u00f3n con la misi\u00f3n de ver desde primera fila sus evoluciones.<\/em><\/p>\n\n\n\n<p><em>La <strong>Federaci\u00f3n de F\u00fatbol de la Comunidad Valenciana<\/strong> ha dado a conocer a las <a href=\"https:\/\/soccerinteraction.com\/es\/stage-pretemporada-grasshopper\" target=\"_blank\" rel=\"noreferrer noopener\">jugadoras<\/a> que estar\u00e1n presentes en La Murta para realizar un entrenamiento de tecnificaci\u00f3n con la misi\u00f3n de ver desde primera fila sus evoluciones.<\/em><\/p>\n\n\n\n<p>El trabajo duro tiene recompensa. La gran temporada que est\u00e1 realizando el <strong><a href=\"https:\/\/soccerinteraction.com\/es\/futbol-femenino\" target=\"_blank\" rel=\"noreferrer noopener\">equipo de f\u00fatbol Infantil-Cadete Femenino de la Escuela FC Porto Dragon Force Valencia<\/a><\/strong> no est\u00e1 pasando desapercibido y cada vez son m\u00e1s los y las curiosas que se acercan a sus partidos para ver a estas &#8216;Dragonas&#8217; disputar sus encuentros. Segundas en la clasificaci\u00f3n y a tan s\u00f3lo tres puntos del Valencia CF, el Infantil-Cadete del FC Porto Dragon Force ha ido mejorando a pasos agigantados conforme las jornadas suced\u00edan.<\/p>\n\n\n\n<figure class=\"wp-block-image\"><img decoding=\"async\" width=\"600\" height=\"374\" src=\"https:\/\/soccerinteraction.com\/wp-content\/uploads\/2019\/12\/Nadia-Convocada-con-Seleccion-Femenina-de-Futbol.jpg\" alt=\"Convocatoria Selecci\u00f3n Valenciana equipo femenino\" class=\"wp-image-15391\" srcset=\"https:\/\/soccerinteraction.com\/wp-content\/uploads\/2019\/12\/Nadia-Convocada-con-Seleccion-Femenina-de-Futbol.jpg 600w, https:\/\/soccerinteraction.com\/wp-content\/uploads\/2019\/12\/Nadia-Convocada-con-Seleccion-Femenina-de-Futbol-300x187.jpg 300w, https:\/\/soccerinteraction.com\/wp-content\/uploads\/2019\/12\/Nadia-Convocada-con-Seleccion-Femenina-de-Futbol-280x175.jpg 280w\" sizes=\"(max-width: 600px) 100vw, 600px\" \/><\/figure>\n\n\n\n<p>De hecho, estas &#8216;Dragonas&#8217; encadenan siete partidos consecutivos ganando, dato que le ha llevado a ser uno de los rivales a batir en el siempre complicado Grupo 4 de la <strong>Liga Valenta<\/strong>, una competici\u00f3n que con la llegada de las nuevas caras a la direcci\u00f3n de la <strong>Federaci\u00f3n de F\u00fatbol de la Comunidad Valenciana<\/strong> se ha potenciado y dotado de m\u00e1s recursos.<\/p>\n\n\n\n<p>Fruto de esta apuesta por el <span class=\"has-inline-color has-vivid-cyan-blue-color\"><a href=\"https:\/\/soccerinteraction.com\/es\/futbol-femenino-en-sia-academy\" target=\"_blank\" rel=\"noreferrer noopener\"><strong>f\u00fatbol femenino<\/strong>,<\/a><\/span> los t\u00e9cnicos de la FFCV especializados en <strong>f\u00fatbol femenino<\/strong> han ido organizando numerosas convocatorias a lo largo del territorio con el objetivo de ver de cerca a las j\u00f3venes futbolistas y analizar de esa forma su evoluci\u00f3n y capacidad de competir defendiendo los colores de l<strong>a <a href=\"https:\/\/soccerinteraction.com\/es\/seleccion-india-femenino-cotif\/\" target=\"_blank\" rel=\"noreferrer noopener\">Selecci\u00f3n<\/a> Valenciana<\/strong>. Selecci\u00f3n que el jueves d\u00eda 12 de diciembre a las 18:00 horas contar\u00e1 con la presencia de <strong>dos jugadoras del FC Porto Dragon Force Valencia:<\/strong> Marta Perales y Nadia Calabuig, dos f<strong>utbolistas infantiles<\/strong> que est\u00e1n cuajando una gran temporada.<\/p>\n\n\n\n<figure class=\"wp-block-image\"><img decoding=\"async\" width=\"600\" height=\"395\" src=\"https:\/\/soccerinteraction.com\/wp-content\/uploads\/2019\/12\/Marta-Perales-convocada-con-seleccion-femenina-de-futbol.jpg\" alt=\"Convocatoria Selecci\u00f3n Valenciana equipo femenino\" class=\"wp-image-15382\" srcset=\"https:\/\/soccerinteraction.com\/wp-content\/uploads\/2019\/12\/Marta-Perales-convocada-con-seleccion-femenina-de-futbol.jpg 600w, https:\/\/soccerinteraction.com\/wp-content\/uploads\/2019\/12\/Marta-Perales-convocada-con-seleccion-femenina-de-futbol-300x198.jpg 300w, https:\/\/soccerinteraction.com\/wp-content\/uploads\/2019\/12\/Marta-Perales-convocada-con-seleccion-femenina-de-futbol-280x184.jpg 280w\" sizes=\"(max-width: 600px) 100vw, 600px\" \/><\/figure>\n\n\n\n<p>La moixentina <strong>Marta Perales<\/strong> (nacida en marzo del 2007) es un aut\u00e9ntico todoterreno. El a\u00f1o pasado compet\u00eda tanto en el equipo Alev\u00edn como con el equipo femenino de FC Porto Dragon Force Infantil-Cadete y en ambos logr\u00f3 hacerse importante gracias a una actitud encomiable, convirti\u00e9ndose en todo un ejemplo a seguir tanto fuera como dentro del campo, en donde nos dej\u00f3 incluso alg\u00fan que otro golazo de falta. Por su parte, <strong>Nadia Calabuig<\/strong> (enero de 2006, Ontinyent) es una reci\u00e9n llegada al club, pero vaya llegada. La centrocampista, que el curso pasado defendi\u00f3 los colores del Levante UD, se ha convertido en uno de los cerebros del equipo femenino y su buen toque de bal\u00f3n y visi\u00f3n de juego le han servido para ser una pieza indispensable para el t\u00e9cnico Carlos Sanf\u00e9lix.<\/p>\n\n\n\n<p>As\u00ed pues, el jueves 12 de diciembre ambas estar\u00e1n presentes en el Campo Municipal &#8216;La Murta&#8217; a las 18:00 horas para realizar un <strong>entrenamiento de tecnificaci\u00f3n<\/strong> bajo las directrices de los entrenadores de la <strong><a href=\"https:\/\/soccerinteraction.com\/es\/concentracion-seleccionadores-futbol\/\" target=\"_blank\" rel=\"noreferrer noopener\" aria-label=\"Federaci\u00f3n de F\u00fatbol de la Comunidad Valenciana (abre en una nueva pesta\u00f1a)\">Federaci\u00f3n de F\u00fatbol de la Comunidad Valenciana<\/a><\/strong>, que seguro que estar\u00e1n muy atentos al buen hacer de estas dos futbolistas.<\/p>\n\n\n\n<p>Mientras tanto las&nbsp;<strong>Selecciones Valenta sub15&nbsp;<\/strong>y&nbsp;<strong>sub17<\/strong>, disputar\u00e1n dos partidos amistosos contra los equipos femen\u00ednos del Pe\u00f1iscola CF y Villareal CF<\/p>\n\n\n\n<figure class=\"wp-block-image\"><img decoding=\"async\" width=\"600\" height=\"464\" src=\"https:\/\/soccerinteraction.com\/wp-content\/uploads\/2019\/12\/seleccion-valenciana.jpg\" alt=\"selecci\u00f3n Valenciana femenina\" class=\"wp-image-15400\" srcset=\"https:\/\/soccerinteraction.com\/wp-content\/uploads\/2019\/12\/seleccion-valenciana.jpg 600w, https:\/\/soccerinteraction.com\/wp-content\/uploads\/2019\/12\/seleccion-valenciana-300x232.jpg 300w, https:\/\/soccerinteraction.com\/wp-content\/uploads\/2019\/12\/seleccion-valenciana-242x187.jpg 242w\" sizes=\"(max-width: 600px) 100vw, 600px\" \/><\/figure>\n","protected":false},"excerpt":{"rendered":"<p>Convocadas para La Selecci\u00f3n Valenciana dos jugadoras del equipo femenino de FC Porto Dragon Force La Federaci\u00f3n de F\u00fatbol de la Comunidad Valenciana ha dado a conocer a las jugadoras que estar\u00e1n presentes en La Murta para realizar un entrenamiento de tecnificaci\u00f3n con la misi\u00f3n de ver desde primera fila sus evoluciones. La Federaci\u00f3n de<\/p>\n","protected":false},"author":1,"featured_media":13705,"comment_status":"open","ping_status":"open","sticky":false,"template":"","format":"standard","meta":[],"categories":[1,152],"tags":[],"_links":{"self":[{"href":"https:\/\/soccerinteraction.com\/es\/wp-json\/wp\/v2\/posts\/15380"}],"collection":[{"href":"https:\/\/soccerinteraction.com\/es\/wp-json\/wp\/v2\/posts"}],"about":[{"href":"https:\/\/soccerinteraction.com\/es\/wp-json\/wp\/v2\/types\/post"}],"author":[{"embeddable":true,"href":"https:\/\/soccerinteraction.com\/es\/wp-json\/wp\/v2\/users\/1"}],"replies":[{"embeddable":true,"href":"https:\/\/soccerinteraction.com\/es\/wp-json\/wp\/v2\/comments?post=15380"}],"version-history":[{"count":0,"href":"https:\/\/soccerinteraction.com\/es\/wp-json\/wp\/v2\/posts\/15380\/revisions"}],"wp:featuredmedia":[{"embeddable":true,"href":"https:\/\/soccerinteraction.com\/es\/wp-json\/wp\/v2\/media\/13705"}],"wp:attachment":[{"href":"https:\/\/soccerinteraction.com\/es\/wp-json\/wp\/v2\/media?parent=15380"}],"wp:term":[{"taxonomy":"category","embeddable":true,"href":"https:\/\/soccerinteraction.com\/es\/wp-json\/wp\/v2\/categories?post=15380"},{"taxonomy":"post_tag","embeddable":true,"href":"https:\/\/soccerinteraction.com\/es\/wp-json\/wp\/v2\/tags?post=15380"}],"curies":[{"name":"wp","href":"https:\/\/api.w.org\/{rel}","templated":true}]}}