{"id":11617,"date":"2019-06-05T09:21:53","date_gmt":"2019-06-05T09:21:53","guid":{"rendered":"https:\/\/soccerinteraction.com\/?p=11617"},"modified":"2021-10-28T14:20:08","modified_gmt":"2021-10-28T14:20:08","slug":"torneos-futbol-base-2019-dragon-force","status":"publish","type":"post","link":"https:\/\/soccerinteraction.com\/es\/torneos-futbol-base-2019-dragon-force","title":{"rendered":"Torneos de f\u00fatbol FC Porto Dragon Force"},"content":{"rendered":"<h2><strong>Junio empieza con torneos para la Escuela de F\u00fatbol<\/strong><\/h2>\n<p><em>La temporada ha llegado a su fin y es el momento para que los futbolistas de la Escuela Oficial del FC Porto en Espa\u00f1a demuestren su val\u00eda en los diferentes <strong>torneos<\/strong> organizados a lo largo del territorio valenciano. No te pierdas lo que han hecho estos Dragones este fin de semana:<\/em><\/p>\n<p><img decoding=\"async\" class=\"alignnone size-large wp-image-11619\" src=\"https:\/\/soccerinteraction.com\/wp-content\/uploads\/2019\/06\/Alevin-A-en-torneo-local-valenciano-1024x699.jpg\" alt=\"Alevin A en torneo local valenciano\" width=\"960\" height=\"655\" srcset=\"https:\/\/soccerinteraction.com\/wp-content\/uploads\/2019\/06\/Alevin-A-en-torneo-local-valenciano-1024x699.jpg 1024w, https:\/\/soccerinteraction.com\/wp-content\/uploads\/2019\/06\/Alevin-A-en-torneo-local-valenciano-300x205.jpg 300w, https:\/\/soccerinteraction.com\/wp-content\/uploads\/2019\/06\/Alevin-A-en-torneo-local-valenciano-768x524.jpg 768w, https:\/\/soccerinteraction.com\/wp-content\/uploads\/2019\/06\/Alevin-A-en-torneo-local-valenciano-274x187.jpg 274w, https:\/\/soccerinteraction.com\/wp-content\/uploads\/2019\/06\/Alevin-A-en-torneo-local-valenciano.jpg 1170w\" sizes=\"(max-width: 960px) 100vw, 960px\" \/><\/p>\n<p>El f\u00fatbol no descansa ni en verano. El bal\u00f3n no va a dejar de rodar en junio y pese a que la temporada 2018\/2019 ha cerrado el tel\u00f3n se contin\u00faa con la formaci\u00f3n de los j\u00f3venes jugadores a partir de los distintos <strong>torneo<\/strong>s\u00a0de f\u00fatbol organizados. Este fin de semana ha estado cargado de partidos en donde se ha podido presenciar todo el enorme potencial de los futbolistas que semana tras semana han entrenado en el <a href=\"https:\/\/soccerinteraction.com\/es\/sia-centro\" target=\"_blank\" rel=\"noopener noreferrer\"><span style=\"color: #0000ff;\"><strong>Centro de Alto Rendimiento de Soccer Inter-Action<\/strong><\/span><\/a>.<\/p>\n<p><img decoding=\"async\" class=\"alignnone size-large wp-image-11626\" src=\"https:\/\/soccerinteraction.com\/wp-content\/uploads\/2019\/06\/Benjamines-c-y-a-juntos-en-Cheste-1024x675.jpg\" alt=\"enjamines c y a juntos en Cheste\" width=\"960\" height=\"633\" srcset=\"https:\/\/soccerinteraction.com\/wp-content\/uploads\/2019\/06\/Benjamines-c-y-a-juntos-en-Cheste-1024x675.jpg 1024w, https:\/\/soccerinteraction.com\/wp-content\/uploads\/2019\/06\/Benjamines-c-y-a-juntos-en-Cheste-300x198.jpg 300w, https:\/\/soccerinteraction.com\/wp-content\/uploads\/2019\/06\/Benjamines-c-y-a-juntos-en-Cheste-768x506.jpg 768w, https:\/\/soccerinteraction.com\/wp-content\/uploads\/2019\/06\/Benjamines-c-y-a-juntos-en-Cheste-280x185.jpg 280w, https:\/\/soccerinteraction.com\/wp-content\/uploads\/2019\/06\/Benjamines-c-y-a-juntos-en-Cheste.jpg 1170w\" sizes=\"(max-width: 960px) 100vw, 960px\" \/><\/p>\n<p>De hecho, la mayor parte de los equipos de Dragon Force Valencia han sido protagonistas tras completar actuaciones estelares, llegando incluso a conquistar trofeos y premios al mejor jugador del campeonato. No obstante, dichas recompensas son algo secundario, pues la formaci\u00f3n y el desarrollo de los j\u00f3venes Dragones es lo importante. Y eso se nota cuando saltan al c\u00e9sped.<\/p>\n<p><img decoding=\"async\" class=\"alignnone size-large wp-image-11633\" src=\"https:\/\/soccerinteraction.com\/wp-content\/uploads\/2019\/06\/Cadete-B-tercer-Clasficicado-en-triangular-1024x695.jpg\" alt=\"Cadete B tercer Clasificado en triangular\" width=\"960\" height=\"652\" srcset=\"https:\/\/soccerinteraction.com\/wp-content\/uploads\/2019\/06\/Cadete-B-tercer-Clasficicado-en-triangular-1024x695.jpg 1024w, https:\/\/soccerinteraction.com\/wp-content\/uploads\/2019\/06\/Cadete-B-tercer-Clasficicado-en-triangular-300x204.jpg 300w, https:\/\/soccerinteraction.com\/wp-content\/uploads\/2019\/06\/Cadete-B-tercer-Clasficicado-en-triangular-768x521.jpg 768w, https:\/\/soccerinteraction.com\/wp-content\/uploads\/2019\/06\/Cadete-B-tercer-Clasficicado-en-triangular-276x187.jpg 276w, https:\/\/soccerinteraction.com\/wp-content\/uploads\/2019\/06\/Cadete-B-tercer-Clasficicado-en-triangular.jpg 1048w\" sizes=\"(max-width: 960px) 100vw, 960px\" \/><\/p>\n<p>As\u00ed pues, desde futbolistas benjamines hasta juveniles han podido disfrutar de los primeros <a href=\"https:\/\/soccerinteraction.com\/es\/rocarsa-cup\" target=\"_blank\" rel=\"noopener noreferrer\"><span style=\"color: #0000ff;\"><strong>torneos del verano<\/strong><\/span><\/a>, empezando por el pasado viernes 31 de mayo en donde Alev\u00edn C y Benjam\u00edn C lo dieron todo y se lo pasaron en grande en el <strong>Torneo Villanueva de Castell\u00f3n<\/strong>. Pasado este emocionante viernes lleg\u00f3 el esperado s\u00e1bado, en donde nada m\u00e1s y nada menos que siete de nuestros equipos saltaron al campo, habiendo algunos realizado <strong>partidos amistosos<\/strong>, como el caso de Infantil C y Cadete A. Los Infantiles, dirigidos por Adri Tar\u00edn, viajaron hasta Benetusser y salieron victoriosos por cero goles a tres, destacando un espectacular gol del defensa central Mart\u00edn. Esta diana fue la guinda a un encuentro en el que una vez m\u00e1s estos Dragones demostraron la gran evoluci\u00f3n que han tenido a lo largo del curso. Por su parte, el Cadete A recibi\u00f3 en SIA Center a la UE Tavernes para hacer lo propio que sus compa\u00f1eros Infantiles, es decir, realizar un serio partido que concluy\u00f3 con tres a cero.<\/p>\n<p><img decoding=\"async\" class=\"alignnone size-full wp-image-11640\" src=\"https:\/\/soccerinteraction.com\/wp-content\/uploads\/2019\/06\/Eric-premio-mejor-jugador-en-Cheste.jpg\" alt=\"Eric premio mejor jugador en Cheste\" width=\"895\" height=\"809\" srcset=\"https:\/\/soccerinteraction.com\/wp-content\/uploads\/2019\/06\/Eric-premio-mejor-jugador-en-Cheste.jpg 895w, https:\/\/soccerinteraction.com\/wp-content\/uploads\/2019\/06\/Eric-premio-mejor-jugador-en-Cheste-300x271.jpg 300w, https:\/\/soccerinteraction.com\/wp-content\/uploads\/2019\/06\/Eric-premio-mejor-jugador-en-Cheste-768x694.jpg 768w, https:\/\/soccerinteraction.com\/wp-content\/uploads\/2019\/06\/Eric-premio-mejor-jugador-en-Cheste-207x187.jpg 207w\" sizes=\"(max-width: 895px) 100vw, 895px\" \/><\/p>\n<p>M\u00e1s all\u00e1 de estos dos partidazos, hay que destacar los <strong>torneos del s\u00e1bado<\/strong>. El combinado Juvenil, apoyado por futbolistas de la Academia Internacional de Soccer Inter-Action, conquist\u00f3 el <strong>torneo triangular<\/strong> organizado en la localidad valenciana de Alfafar, ofreciendo un sensacional nivel que acab\u00f3 transform\u00e1ndose en goles para los pupilos dirigidos por Pedro Santos. Por otra parte, el Cadete B de Santi Herv\u00e1s estuvo a nada de dar la campanada en el <strong>torneo cuadrangular<\/strong>, pero la suerte de los penaltis no le sonri\u00f3 a la hora clasificarse para la final. Estos Dragones ganaron la final de consolaci\u00f3n empatando frente al Mislata de Regional Preferente, teniendo esta vez s\u00ed la fortuna de vencer desde los lanzamientos de once metros. En cuanto a F\u00fatbol 8, los representantes de la Escuela de F\u00fatbol fueron los cracks del Benjam\u00edn B, que pese a las bajas y al cansancio acumulado destacaron por su entrega y buen juego, qued\u00e1ndose a un paso de clasificarse para la final<\/p>\n<p><img decoding=\"async\" class=\"alignnone size-large wp-image-11647\" src=\"https:\/\/soccerinteraction.com\/wp-content\/uploads\/2019\/06\/Infantil-A-celebrando-gol-en-Academia-Internacional-de-Futbol-1024x669.jpg\" alt=\"Infantil A celebrando gol en Academia Internacional de Futbol\" width=\"960\" height=\"627\" srcset=\"https:\/\/soccerinteraction.com\/wp-content\/uploads\/2019\/06\/Infantil-A-celebrando-gol-en-Academia-Internacional-de-Futbol-1024x669.jpg 1024w, https:\/\/soccerinteraction.com\/wp-content\/uploads\/2019\/06\/Infantil-A-celebrando-gol-en-Academia-Internacional-de-Futbol-300x196.jpg 300w, https:\/\/soccerinteraction.com\/wp-content\/uploads\/2019\/06\/Infantil-A-celebrando-gol-en-Academia-Internacional-de-Futbol-768x502.jpg 768w, https:\/\/soccerinteraction.com\/wp-content\/uploads\/2019\/06\/Infantil-A-celebrando-gol-en-Academia-Internacional-de-Futbol-280x183.jpg 280w, https:\/\/soccerinteraction.com\/wp-content\/uploads\/2019\/06\/Infantil-A-celebrando-gol-en-Academia-Internacional-de-Futbol.jpg 1170w\" sizes=\"(max-width: 960px) 100vw, 960px\" \/><\/p>\n<p>Pero no s\u00f3lo los equipos disputaron torneos a domicilio, sino que en el Centro de Alto Rendimiento de Soccer Inter-Action se inaugur\u00f3 un <strong>torneo de verano<\/strong> la Rocarsa Cup edici\u00f3n de verano, una de las competiciones de mayor crecimiento de estos \u00faltimos a\u00f1os. El s\u00e1bado por la tarde fue el turno de los partidos del Infantil A e Infantil B, que empezaron con buen pie, dejando para el domingo el tratar de avanzar a la Fase Final. Fase Final que alcanz\u00f3 el Infantil A, llegando a ser finalista.<\/p>\n<p><img decoding=\"async\" class=\"alignnone size-large wp-image-11668\" src=\"https:\/\/soccerinteraction.com\/wp-content\/uploads\/2019\/06\/Juvenil-en-Rocarsa-1024x683.jpg\" alt=\"Juvenil en Rocarsa\" width=\"960\" height=\"640\" srcset=\"https:\/\/soccerinteraction.com\/wp-content\/uploads\/2019\/06\/Juvenil-en-Rocarsa-1024x683.jpg 1024w, https:\/\/soccerinteraction.com\/wp-content\/uploads\/2019\/06\/Juvenil-en-Rocarsa-300x200.jpg 300w, https:\/\/soccerinteraction.com\/wp-content\/uploads\/2019\/06\/Juvenil-en-Rocarsa-768x512.jpg 768w, https:\/\/soccerinteraction.com\/wp-content\/uploads\/2019\/06\/Juvenil-en-Rocarsa-280x187.jpg 280w, https:\/\/soccerinteraction.com\/wp-content\/uploads\/2019\/06\/Juvenil-en-Rocarsa.jpg 1170w\" sizes=\"(max-width: 960px) 100vw, 960px\" \/><\/p>\n<p>Los cracks que dirige Liliana Davis eliminaron en penaltis al Elche en cuartos de final e hicieron lo propio con el Malilla en semifinales. En cuanto al Infantil B, estos Dragones de primer a\u00f1o lucharon hasta el final por avanzar a la ronda de eliminaci\u00f3n directa. La victoria frente al CD Enguera les dio alas y ofrecieron una gran imagen frente al Colegio Salgui y al combinado A de Dragon Force Valencia, compa\u00f1eros de entrenamientos diarios. Cabe destacar que el lateral derecho Alex Neacsu fue designado como mejor jugador del <strong>torneo<\/strong>.<\/p>\n<p><img decoding=\"async\" class=\"alignnone size-large wp-image-11654\" src=\"https:\/\/soccerinteraction.com\/wp-content\/uploads\/2019\/06\/Infantil-A-disputando-torneo-Rocarsa-1024x615.jpg\" alt=\"Infantil A disputando torneo Rocarsa\" width=\"960\" height=\"577\" srcset=\"https:\/\/soccerinteraction.com\/wp-content\/uploads\/2019\/06\/Infantil-A-disputando-torneo-Rocarsa-1024x615.jpg 1024w, https:\/\/soccerinteraction.com\/wp-content\/uploads\/2019\/06\/Infantil-A-disputando-torneo-Rocarsa-300x180.jpg 300w, https:\/\/soccerinteraction.com\/wp-content\/uploads\/2019\/06\/Infantil-A-disputando-torneo-Rocarsa-768x461.jpg 768w, https:\/\/soccerinteraction.com\/wp-content\/uploads\/2019\/06\/Infantil-A-disputando-torneo-Rocarsa-280x168.jpg 280w, https:\/\/soccerinteraction.com\/wp-content\/uploads\/2019\/06\/Infantil-A-disputando-torneo-Rocarsa.jpg 1170w\" sizes=\"(max-width: 960px) 100vw, 960px\" \/><\/p>\n<p>Al igual que Infantil A e Infantil B, quienes tambi\u00e9n disputaron <strong>torneos<\/strong> el domingo fueron el Alev\u00edn A, Benjam\u00edn C -reforzado con Dragones del conjunto A- y el Juvenil. Los benjamines se desplazaron hasta Cheste para demostrar el potencial que atesoran en sus botas, algo que qued\u00f3 m\u00e1s que reflejado gracias a sus sensacionales actuaciones. De hecho, bajo las riendas del t\u00e9cnico \u00c1lex Herrera, estos j\u00f3venes talentos -premiando a Eric como mejor jugador del <strong>torneo<\/strong>&#8211; llegaron hasta semifinales, siendo eliminados por la m\u00ednima (2-3) y estando a nada de dar la campanada frente al poderosos Massanassa de Super Liga.<\/p>\n<p><img decoding=\"async\" class=\"alignnone size-large wp-image-11682\" src=\"https:\/\/soccerinteraction.com\/wp-content\/uploads\/2019\/06\/Martin-designado-en-el-ocho-ideal-1024x794.jpg\" alt=\"Martin designado en el ocho ideal\" width=\"960\" height=\"744\" srcset=\"https:\/\/soccerinteraction.com\/wp-content\/uploads\/2019\/06\/Martin-designado-en-el-ocho-ideal-1024x794.jpg 1024w, https:\/\/soccerinteraction.com\/wp-content\/uploads\/2019\/06\/Martin-designado-en-el-ocho-ideal-300x233.jpg 300w, https:\/\/soccerinteraction.com\/wp-content\/uploads\/2019\/06\/Martin-designado-en-el-ocho-ideal-768x596.jpg 768w, https:\/\/soccerinteraction.com\/wp-content\/uploads\/2019\/06\/Martin-designado-en-el-ocho-ideal-241x187.jpg 241w, https:\/\/soccerinteraction.com\/wp-content\/uploads\/2019\/06\/Martin-designado-en-el-ocho-ideal.jpg 1075w\" sizes=\"(max-width: 960px) 100vw, 960px\" \/><\/p>\n<p>En cuanto al Alev\u00edn A, cabe se\u00f1alar que los de Pedro Santos quedaron en cuarta plaza y destacaron por su buen juego pese a no tener despu\u00e9s suerte de cara a porter\u00eda -Martin fue premiado como jugador del ocho ideal del campeonato. Por \u00faltimo, el Juvenil del <strong>torneo<\/strong> Rocarsa se qued\u00f3 a un paso de acceder a la ronda final, brillando sobre todo en su primer partido disputado, pues derrot\u00f3 uno a cero al Bonavista.<\/p>\n<p><img decoding=\"async\" class=\"alignnone size-large wp-image-11675\" src=\"https:\/\/soccerinteraction.com\/wp-content\/uploads\/2019\/06\/Juvenil-compitiendo-en-torneo-de-verano-1024x687.jpg\" alt=\"Juvenil compitiendo en torneo de verano\" width=\"960\" height=\"644\" srcset=\"https:\/\/soccerinteraction.com\/wp-content\/uploads\/2019\/06\/Juvenil-compitiendo-en-torneo-de-verano-1024x687.jpg 1024w, https:\/\/soccerinteraction.com\/wp-content\/uploads\/2019\/06\/Juvenil-compitiendo-en-torneo-de-verano-300x201.jpg 300w, https:\/\/soccerinteraction.com\/wp-content\/uploads\/2019\/06\/Juvenil-compitiendo-en-torneo-de-verano-768x516.jpg 768w, https:\/\/soccerinteraction.com\/wp-content\/uploads\/2019\/06\/Juvenil-compitiendo-en-torneo-de-verano-280x187.jpg 280w, https:\/\/soccerinteraction.com\/wp-content\/uploads\/2019\/06\/Juvenil-compitiendo-en-torneo-de-verano.jpg 1170w\" sizes=\"(max-width: 960px) 100vw, 960px\" \/><\/p>\n<h2>TORNEO ROCARSA CUP<\/h2>\n<pre>se celebra dentro de nuestras instalaciones.<\/pre>\n<p>Los partidos que se jugaran en el torneo ROCARSA CUP el 8 y 9 de Junio son:<\/p>\n<h4>Categor\u00eda CADETE<\/h4>\n<h3>D\u00eda de competici\u00f3n: S\u00e1bado 8 de junio<\/h3>\n<div class=\"wp-block-columns has-2-columns\">\n<div class=\"wp-block-column\">\n<p><strong>GRUPO A<\/strong><\/p>\n<ul>\n<li>UD ALPERA, Alpera (Albacete)<\/li>\n<li>CD BARRIO OBRERO, Alicante<\/li>\n<li>CF UE FINESTRAT, Finestrat (Alicante)<\/li>\n<li>ELCHE CF, Elche (Alicante)<\/li>\n<li>UD CARCAIXENT \u201cC\u201d, Carcaixent (Valencia)<\/li>\n<\/ul>\n<\/div>\n<div class=\"wp-block-column\">\n<p><strong>GRUPO B<\/strong><\/p>\n<ul>\n<li>UD CARCAIXENT \u201cB\u201d, Carcaixent (Valencia)<\/li>\n<li>EF CIUDAD DE YECLA, Yecla (Murcia)<\/li>\n<li>FB CD CATARROJA, Catarroja (Valencia)<\/li>\n<li>FC PORTO, Enguera (Valencia)<\/li>\n<\/ul>\n<\/div>\n<\/div>\n<div class=\"wp-block-columns has-2-columns\">\n<div class=\"wp-block-column\">\n<p><strong>GRUPO C<\/strong><\/p>\n<ul>\n<li>SPORT CATARROJA CF, Catarroja (Valencia)<\/li>\n<li>CRISTO DE LA VEGA CF, Socu\u00e9llamos (Ciudad Real)<\/li>\n<li>FB UE ATL\u00c8TIC AMISTAT, Valencia<\/li>\n<li>CF E1 VALENCIA, Paiporta (Valencia)<\/li>\n<\/ul>\n<\/div>\n<div class=\"wp-block-column\">\n<p><strong>GRUPO D<\/strong><\/p>\n<ul>\n<li>WORLD SOCCER VALENCIA, Valencia<\/li>\n<li>CFB GAND\u00cdA, Gand\u00eda (Valencia)<\/li>\n<li>TAVERNES BLANQUES CF, Tavernes Blanques (Valencia)<\/li>\n<li>PATACONA CF, Alboraya (Valencia)<\/li>\n<\/ul>\n<\/div>\n<\/div>\n<h4>Categor\u00eda ALEV\u00cdN 2\u00ba A\u00d1O<\/h4>\n<h3>D\u00eda de competici\u00f3n:\u00a0<strong>S\u00e1bado 8 de junio<\/strong><\/h3>\n<div class=\"wp-block-columns has-2-columns\">\n<div class=\"wp-block-column\">\n<p><strong>GRUPO A<\/strong><\/p>\n<ul>\n<li>WORLD SOCCER VALENCIA, Valencia<\/li>\n<li>ELCHE CF, Elche (Alicante)<\/li>\n<li>UD ALPERA, Alpera (Albacete)<\/li>\n<\/ul>\n<\/div>\n<div class=\"wp-block-column\">\n<p><strong>GRUPO B<\/strong><\/p>\n<ul>\n<li>CIUTAT D\u2019ALZIRA FB, Alzira (Valencia)<\/li>\n<li>FC PORTO, Enguera (Valencia)<\/li>\n<li>CDJ MANISENSE, Manises (Valencia)<\/li>\n<\/ul>\n<\/div>\n<\/div>\n<h4>Categor\u00eda BENJAM\u00cdN 2\u00ba A\u00d1O<\/h4>\n<h3>D\u00eda de competici\u00f3n: S\u00e1bado 8 de junio<\/h3>\n<div class=\"wp-block-columns has-2-columns\">\n<div class=\"wp-block-column\">\n<p><strong>GRUPO A<\/strong><\/p>\n<ul>\n<li>FC PORTO, Enguera (Valencia)<\/li>\n<li>EF CIUDAD DE YECLA, Yecla (Murcia)<\/li>\n<li>WORLD SOCCER VALENCIA, Valencia<\/li>\n<li>CIUTAT D\u2019ALZIRA FB, Alzira (Valencia)<\/li>\n<li>CF RACING X\u00c0TIVA, X\u00e0tiva (Valencia)<\/li>\n<\/ul>\n<\/div>\n<div class=\"wp-block-column\">\n<p><strong>GRUPO B<\/strong><\/p>\n<ul>\n<li>CF RAFAL, Rafal (Alicante)<\/li>\n<li>CD ALBAIDENSE, Albaida (Valencia)<\/li>\n<li>CDJ MANISENSE, Manises (Valencia)<\/li>\n<li>ELCHE CF, Elche (Alicante)<\/li>\n<li>UD ALMANSA, Almansa (Albacete)<\/li>\n<\/ul>\n<\/div>\n<\/div>\n<h4>Categor\u00eda PRE-BENJAM\u00cdN 2\u00ba A\u00d1O<\/h4>\n<h3>D\u00eda de competici\u00f3n:\u00a0<strong>Domingo 9 de junio<\/strong><\/h3>\n<div class=\"wp-block-columns has-2-columns\">\n<div class=\"wp-block-column\">\n<p><strong>GRUPO A<\/strong><\/p>\n<ul>\n<li>ELCHE CF \u201cNEYDER LOZANO\u201d, Elche (Alicante)<\/li>\n<li>TAVERNES BLANQUES CF, Tavernes Blanques (Valencia)<\/li>\n<li>CRISTO DE LA VEGA CF, Socu\u00e9llamos (Ciudad Real)<\/li>\n<li>FC PORTO, Enguera (Valencia)<\/li>\n<\/ul>\n<\/div>\n<div class=\"wp-block-column\">\n<p><strong>GRUPO B<\/strong><\/p>\n<ul>\n<li>ELCHE CF \u201cJAVI FLORES\u201d, Elche (Alicante)<\/li>\n<li>ASPE UD, Aspe (Alicante)<\/li>\n<li>WORLD SOCCER VALENCIA, Valencia<\/li>\n<li>CF RACING X\u00c0TIVA, X\u00e0tiva (Valencia)<\/li>\n<\/ul>\n<\/div>\n<\/div>\n<hr class=\"wp-block-separator\" \/>\n<h4>Categor\u00eda PRE-BENJAM\u00cdN 1\u00ba A\u00d1O<\/h4>\n<h3>D\u00eda de competici\u00f3n:\u00a0<strong>Domingo 9 de junio<\/strong><\/h3>\n<div class=\"wp-block-columns has-2-columns\">\n<div class=\"wp-block-column\">\n<p><strong>GRUPO A<\/strong><\/p>\n<ul>\n<li>TAVERNES BLANQUES CF, Tavernes Blanques (Valencia)<\/li>\n<li>ELCHE CF \u201cJOSAN\u201d, Elche (Alicante)<\/li>\n<li>SELECCI\u00d3N VALENCIA<\/li>\n<li>CD BARRIO OBRERO, Alicante<\/li>\n<\/ul>\n<\/div>\n<div class=\"wp-block-column\"><\/div>\n<\/div>\n<hr class=\"wp-block-separator\" \/>\n<h4>Categor\u00eda QUERUB\u00cdN<\/h4>\n<h3>D\u00eda de competici\u00f3n: Domingo 9 de junio<\/h3>\n<div class=\"wp-block-columns has-2-columns\">\n<div class=\"wp-block-column\">\n<p><strong>GRUPO A<\/strong><\/p>\n<ul>\n<li>SOCCER TALENT, Valencia<\/li>\n<li>CDB MASSANASSA \u201cB\u201d, Massanassa (Valencia)<\/li>\n<li>ELCHE CF \u201cIV\u00c1N S\u00c1NCHEZ\u201d, Elche (Alicante)<\/li>\n<li>CD ALBAIDENSE, Albaida (Valencia)<\/li>\n<\/ul>\n<\/div>\n<div class=\"wp-block-column\">\n<p><strong>GRUPO B<\/strong><\/p>\n<ul>\n<li>FC PORTO, Enguera (Valencia)<\/li>\n<li>ELCHE CF \u201cTEKIO\u201d, Elche (Alicante)<\/li>\n<li>CD BARRIO OBRERO, Alicante<\/li>\n<li>CDB MASSANASSA \u201cA\u201d, Massanassa (Valencia)<\/li>\n<\/ul>\n<\/div>\n<\/div>\n","protected":false},"excerpt":{"rendered":"<p>Junio empieza con torneos para la Escuela de F\u00fatbol La temporada ha llegado a su fin y es el momento para que los futbolistas de la Escuela Oficial del FC Porto en Espa\u00f1a demuestren su val\u00eda en los diferentes torneos organizados a lo largo del territorio valenciano. No te pierdas lo que han hecho estos<\/p>\n","protected":false},"author":1,"featured_media":11661,"comment_status":"open","ping_status":"open","sticky":false,"template":"","format":"standard","meta":[],"categories":[1,149],"tags":[],"_links":{"self":[{"href":"https:\/\/soccerinteraction.com\/es\/wp-json\/wp\/v2\/posts\/11617"}],"collection":[{"href":"https:\/\/soccerinteraction.com\/es\/wp-json\/wp\/v2\/posts"}],"about":[{"href":"https:\/\/soccerinteraction.com\/es\/wp-json\/wp\/v2\/types\/post"}],"author":[{"embeddable":true,"href":"https:\/\/soccerinteraction.com\/es\/wp-json\/wp\/v2\/users\/1"}],"replies":[{"embeddable":true,"href":"https:\/\/soccerinteraction.com\/es\/wp-json\/wp\/v2\/comments?post=11617"}],"version-history":[{"count":0,"href":"https:\/\/soccerinteraction.com\/es\/wp-json\/wp\/v2\/posts\/11617\/revisions"}],"wp:featuredmedia":[{"embeddable":true,"href":"https:\/\/soccerinteraction.com\/es\/wp-json\/wp\/v2\/media\/11661"}],"wp:attachment":[{"href":"https:\/\/soccerinteraction.com\/es\/wp-json\/wp\/v2\/media?parent=11617"}],"wp:term":[{"taxonomy":"category","embeddable":true,"href":"https:\/\/soccerinteraction.com\/es\/wp-json\/wp\/v2\/categories?post=11617"},{"taxonomy":"post_tag","embeddable":true,"href":"https:\/\/soccerinteraction.com\/es\/wp-json\/wp\/v2\/tags?post=11617"}],"curies":[{"name":"wp","href":"https:\/\/api.w.org\/{rel}","templated":true}]}}