{"id":10950,"date":"2019-05-12T21:49:58","date_gmt":"2019-05-12T21:49:58","guid":{"rendered":"https:\/\/soccerinteraction.com\/?p=10950"},"modified":"2022-05-11T16:11:41","modified_gmt":"2022-05-11T16:11:41","slug":"nacho-llorens-futbolista-dragon-force","status":"publish","type":"post","link":"https:\/\/soccerinteraction.com\/es\/nacho-llorens-futbolista-dragon-force\/","title":{"rendered":"Fallece Nacho Llorens, futbolista cadete de FC Porto Dragon Force Valencia"},"content":{"rendered":"<p>FC Porto Dragon Force Valencia lamenta comunicar la triste noticia del fallecimiento de <strong>Ignacio Llorens Aznar,<\/strong> futbolista afincado en el barrio de Castellar (Val\u00e8ncia) y que cumpl\u00eda su primera temporada en nuestra escuela de f\u00fatbol. El centrocampista, enrolado en las filas del Cadete A de Regional Preferente, perdi\u00f3 la vida en el d\u00eda de ayer al sufrir un fatal atropello.<\/p>\n<p><strong>FC Porto Dragon Force Valencia-Enguera<\/strong> desea expresar su profundo dolor y consternaci\u00f3n por la p\u00e9rdida de su joven futbolista Nacho Llorens. Desde estas l\u00edneas queremos manifestar nuestro m\u00e1s sentido duelo y apoyo a sus familiares, amigos y a toda la familia de Dragon Force.<\/p>\n<p>Desde la Academia Internacional de F\u00fatbol de Soccer Inter-Action y la Escuela de F\u00fatbol FC Porto Dragon Force Valencia-Enguera lloramos la ausencia de Nacho, centrocampista de 14 a\u00f1os que desde que se enfund\u00f3 nuestros colores se convirti\u00f3 en un <strong>referente para el club tanto dentro como fuera del campo<\/strong>.<\/p>\n<p>El club desea comunicar la suspensi\u00f3n oficial de todos los entrenamientos del lunes para arropar a nuestro joven jugador en su \u00faltimo adi\u00f3s. El <strong>Lunes 13 de mayo<\/strong> a partir de las <strong>16.30<\/strong> horas la familia estar\u00e1 presente en el <strong>Tanatorio Municipal en Valencia<\/strong> y el <strong>martes a las 11:00<\/strong> horas se realizar\u00e1 la <strong>misa<\/strong> en el mismo <strong>tanatorio<\/strong>.<\/p>\n<p>Nuestro m\u00e1s sincero y sentido p\u00e9same a toda la familia y amigos de Nacho.<\/p>\n<p>Descanse en paz.<\/p>\n","protected":false},"excerpt":{"rendered":"<p>FC Porto Dragon Force Valencia lamenta comunicar la triste noticia del fallecimiento de Ignacio Llorens Aznar, futbolista afincado en el barrio de Castellar (Val\u00e8ncia) y que cumpl\u00eda su primera temporada en nuestra escuela de f\u00fatbol. El centrocampista, enrolado en las filas del Cadete A de Regional Preferente, perdi\u00f3 la vida en el d\u00eda de ayer<\/p>\n","protected":false},"author":1,"featured_media":10974,"comment_status":"open","ping_status":"open","sticky":false,"template":"","format":"standard","meta":[],"categories":[1],"tags":[],"_links":{"self":[{"href":"https:\/\/soccerinteraction.com\/es\/wp-json\/wp\/v2\/posts\/10950"}],"collection":[{"href":"https:\/\/soccerinteraction.com\/es\/wp-json\/wp\/v2\/posts"}],"about":[{"href":"https:\/\/soccerinteraction.com\/es\/wp-json\/wp\/v2\/types\/post"}],"author":[{"embeddable":true,"href":"https:\/\/soccerinteraction.com\/es\/wp-json\/wp\/v2\/users\/1"}],"replies":[{"embeddable":true,"href":"https:\/\/soccerinteraction.com\/es\/wp-json\/wp\/v2\/comments?post=10950"}],"version-history":[{"count":0,"href":"https:\/\/soccerinteraction.com\/es\/wp-json\/wp\/v2\/posts\/10950\/revisions"}],"wp:featuredmedia":[{"embeddable":true,"href":"https:\/\/soccerinteraction.com\/es\/wp-json\/wp\/v2\/media\/10974"}],"wp:attachment":[{"href":"https:\/\/soccerinteraction.com\/es\/wp-json\/wp\/v2\/media?parent=10950"}],"wp:term":[{"taxonomy":"category","embeddable":true,"href":"https:\/\/soccerinteraction.com\/es\/wp-json\/wp\/v2\/categories?post=10950"},{"taxonomy":"post_tag","embeddable":true,"href":"https:\/\/soccerinteraction.com\/es\/wp-json\/wp\/v2\/tags?post=10950"}],"curies":[{"name":"wp","href":"https:\/\/api.w.org\/{rel}","templated":true}]}}