{"id":10675,"date":"2019-05-02T20:26:32","date_gmt":"2019-05-02T20:26:32","guid":{"rendered":"https:\/\/soccerinteraction.com\/?p=10675"},"modified":"2022-05-11T16:15:26","modified_gmt":"2022-05-11T16:15:26","slug":"iker-casillas-ya-piensa-en-su-recuperacion-tras-su-infarto","status":"publish","type":"post","link":"https:\/\/soccerinteraction.com\/es\/iker-casillas-recuperacion-tras-infarto\/","title":{"rendered":"IKER CASILLAS YA PIENSA EN SU RECUPERACI\u00d3N TRAS SU INFARTO"},"content":{"rendered":"<p>El <strong><a href=\"https:\/\/soccerinteraction.com\/es\/cualidades-del-portero\">portero<\/a><\/strong> del FC Porto, <strong>padrino de la Escuela de F\u00fatbol en Espa\u00f1a Dragon Force Valencia<\/strong>, ha sido hospitalizado despu\u00e9s de sufrir un problema card\u00edaco.<\/p>\n<p>\u201cTodo controlado por aqu\u00ed. Un susto grande, pero con las fuerzas intactas\u201d. Esta ha sido la primera<a href=\"https:\/\/soccerinteraction.com\/es\/comunicacion-con-nuestros-porteros\"> declaraci\u00f3n realizada por <strong>Iker Casillas<\/strong><\/a> tras sufrir un <strong>infarto agudo de miocardio<\/strong> cuando se encontraba en una de las sesiones habituales de <a href=\"https:\/\/soccerinteraction.com\/es\/entrenamiento-de-porteros-metodologia-by-fc-porto\"><strong>entrenamiento del FC Porto<\/strong><\/a>, en el Centro de Entrenamiento y Formaci\u00f3n Deportiva PortoGaia. El experimentado guardameta espa\u00f1ol recibi\u00f3 de inmediato atenciones sobre el terreno de juego y fue trasladado sin demora al Hospital CUF Porto, en donde se le diagnostic\u00f3 una obstrucci\u00f3n de la arteria coronaria derecha que requer\u00eda intervenir r\u00e1pido para efectuarle un cateterismo.<br>Esta cirug\u00eda card\u00edaca consiste en insertar un stent coronario en el vaso sangu\u00edneo para impedir que la arteria se vuelva a taponar.<\/p>\n<p>Con un rotundo \u201c<strong>problema card\u00edaco resuelto<\/strong>\u201d confirm\u00f3 el FC Porto la resoluci\u00f3n de uno de esos sustos que sacude a todo el planeta f\u00fatbol cada vez que sucede, y m\u00e1s cuando el afectado es una de las leyendas de este deporte. El <a href=\"https:\/\/soccerinteraction.com\/es\/reconocimiento-cardiovascular-deportista\/\" target=\"_blank\" rel=\"noopener noreferrer\"><span style=\"color: #0000ff;\">reconocimiento cardiovascular del deportista<\/span><\/a> es una de las principales acciones a realizar para todos los j\u00f3venes que juegan a f\u00fatbol a nivel de competici\u00f3n.<\/p>\n<h2><strong>MENSAJE DE \u00c1NIMO A <a href=\"https:\/\/soccerinteraction.com\/es\/casillas-renueva-fc-porto\">IKER CASILLAS<\/a> DE LA ESCUELA DE F\u00daTBOL FC PORTO DRAGON FORCE VALENCIA<\/strong><\/h2>\n<p>De esta manera, los mensajes de \u00e1nimo y apoyo al guardameta espa\u00f1ol no se hicieron esperar. Nadie quiso mirar hacia otro lado con este problema de Iker, y menos todav\u00eda la <strong>Escuela Oficial del FC Porto en Espa\u00f1a: FC Porto Dragon Force Valencia-Enguera<\/strong>, que prepar\u00f3 este breve pero conciso <strong>v\u00eddeo de \u00e1nimo<\/strong>:<\/p>\n<p><iframe title=\"Mensaje FC Porto Dragon Force para Iker Casillas\" width=\"960\" height=\"540\" src=\"https:\/\/www.youtube.com\/embed\/2TprZakCSg8?feature=oembed\" frameborder=\"0\" allow=\"accelerometer; autoplay; clipboard-write; encrypted-media; gyroscope; picture-in-picture\" allowfullscreen><\/iframe><\/p>\n<p>Y es que <strong>Iker Casillas<\/strong> es una figura muy especial para nuestra <strong>Escuela de F\u00fatbol<\/strong>. El portero es el <strong>Padrino de este proyecto<\/strong> y su involucraci\u00f3n en \u00e9ste es m\u00e1xima, ya sea compartiendo su tiempo con nuestros j\u00f3venes futbolistas que viajan hasta Porto o mandando mensajes de apoyo y de \u00e1nimo a nuestros equipos para continuar creciendo como entidad. Es por esta raz\u00f3n que tanto la Academia Internacional de F\u00fatbol de Soccer Inter-Action como el <strong>FC Porto Dragon Force Valencia<\/strong>&nbsp;han querido estar&nbsp; presente en la <a href=\"https:\/\/soccerinteraction.com\/es\/eficacia-del-portero\">evoluci\u00f3n de un <strong>Iker Casillas<\/strong><\/a> que est\u00e1 totalmente fuera de peligro y que ahora tiene que descansar para recuperarse lo antes posible.<\/p>\n\n\n<div class=\"wp-block-buttons is-layout-flex\">\n<div class=\"wp-block-button\"><a class=\"wp-block-button__link has-vivid-cyan-blue-background-color has-background\" href=\"https:\/\/soccerinteraction.com\/es\/comunicacion-con-nuestros-porteros\">Comunicaci\u00f3n<\/a><\/div>\n\n\n\n<div class=\"wp-block-button\"><a class=\"wp-block-button__link has-vivid-cyan-blue-background-color has-background\" href=\"https:\/\/soccerinteraction.com\/es\/academia-sia\">SIA Academy porteros<\/a><\/div>\n\n\n\n<div class=\"wp-block-button\"><a class=\"wp-block-button__link has-vivid-cyan-blue-background-color has-background\" href=\"https:\/\/soccerinteraction.com\/es\/eficacia-del-portero\">Eficaciadel portero<\/a><\/div>\n\n\n\n<div class=\"wp-block-button\"><a class=\"wp-block-button__link has-vivid-cyan-blue-background-color has-background\" href=\"https:\/\/soccerinteraction.com\/es\/entrenamiento-portero-de-futbol\" target=\"_blank\" rel=\"noreferrer noopener\">Entrenamiento porteros<\/a><\/div>\n\n\n\n<div class=\"wp-block-button\"><a class=\"wp-block-button__link has-vivid-cyan-blue-background-color has-background\" href=\"https:\/\/soccerinteraction.com\/es\/cualidades-del-portero\">Cualidades del portero<\/a><\/div>\n<\/div>\n\n\n\n<div class=\"wp-block-buttons is-layout-flex\">\n<div class=\"wp-block-button\"><a class=\"wp-block-button__link has-vivid-cyan-blue-background-color has-background\" href=\"https:\/\/soccerinteraction.com\/es\/guantes-de-portero\" target=\"_blank\" rel=\"noreferrer noopener\">Guantes de porteros<\/a><\/div>\n\n\n\n<div class=\"wp-block-button\"><a class=\"wp-block-button__link has-vivid-cyan-blue-background-color has-background\" href=\"https:\/\/soccerinteraction.com\/es\/curso-entrenador-de-porteros-2020\" target=\"_blank\" rel=\"noreferrer noopener\">Curso entrenador porteros<\/a><\/div>\n\n\n\n<div class=\"wp-block-button\"><a class=\"wp-block-button__link has-vivid-cyan-blue-background-color has-background\" href=\"https:\/\/soccerinteraction.com\/es\/entrenamiento-de-porteros-metodologia-by-fc-porto\/\" target=\"_blank\" rel=\"noreferrer noopener\">Metodologia FCPorto<\/a><\/div>\n\n\n\n<div class=\"wp-block-button\"><a class=\"wp-block-button__link has-vivid-cyan-blue-background-color has-background\" href=\"https:\/\/soccerinteraction.com\/es\/competencias-psicologicas-portero-futbol\/\" target=\"_blank\" rel=\"noreferrer noopener\">Competencias psicol\u00f3gicas<\/a><\/div>\n\n\n\n<div class=\"wp-block-button\"><a class=\"wp-block-button__link has-vivid-cyan-blue-background-color has-background\" href=\"https:\/\/soccerinteraction.com\/es\/iker-casillas-recuperacion-tras-infarto\/\" target=\"_blank\" rel=\"noreferrer noopener\">IKER CASILLAS<\/a><\/div>\n<\/div>\n\n\n\n<div class=\"wp-block-buttons is-layout-flex\">\n<div class=\"wp-block-button\"><a class=\"wp-block-button__link has-vivid-cyan-blue-background-color has-background\" href=\"https:\/\/soccerinteraction.com\/es\/casillas-renueva-fc-porto\/\" target=\"_blank\" rel=\"noreferrer noopener\">FCPorto &amp; Iker Casillas<\/a><\/div>\n\n\n\n<div class=\"wp-block-button\"><a class=\"wp-block-button__link has-vivid-cyan-blue-background-color has-background\" href=\"https:\/\/soccerinteraction.com\/es\/entrenador-de-porteros\/\">Entrenamiento condicional espec\u00edfico<\/a><\/div>\n\n\n\n<div class=\"wp-block-button\"><a class=\"wp-block-button__link has-vivid-cyan-blue-background-color has-background\" href=\"https:\/\/soccerinteraction.com\/es\/campus-porteros-2018\">Campus de porteros<\/a><\/div>\n<\/div>\n\n\n\n<div class=\"wp-block-buttons is-layout-flex\">\n<div class=\"wp-block-button\"><a class=\"wp-block-button__link has-vivid-cyan-blue-background-color has-background\" href=\"https:\/\/soccerinteraction.com\/es\/comunicacion-con-nuestros-porteros\">Comunicaci\u00f3n<\/a><\/div>\n\n\n\n<div class=\"wp-block-button\"><a class=\"wp-block-button__link has-vivid-cyan-blue-background-color has-background\" href=\"https:\/\/soccerinteraction.com\/es\/academia-sia\">SIA Academy porteros<\/a><\/div>\n\n\n\n<div class=\"wp-block-button\"><a class=\"wp-block-button__link has-vivid-cyan-blue-background-color has-background\" href=\"https:\/\/soccerinteraction.com\/es\/eficacia-del-portero\">Eficaciadel portero<\/a><\/div>\n\n\n\n<div class=\"wp-block-button\"><a class=\"wp-block-button__link has-vivid-cyan-blue-background-color has-background\" href=\"https:\/\/soccerinteraction.com\/es\/entrenamiento-portero-de-futbol\" target=\"_blank\" rel=\"noreferrer noopener\">Entrenamiento porteros<\/a><\/div>\n\n\n\n<div class=\"wp-block-button\"><a class=\"wp-block-button__link has-vivid-cyan-blue-background-color has-background\" href=\"https:\/\/soccerinteraction.com\/es\/cualidades-del-portero\">Cualidades del portero<\/a><\/div>\n<\/div>\n\n\n\n<div class=\"wp-block-buttons is-layout-flex\">\n<div class=\"wp-block-button\"><a class=\"wp-block-button__link has-vivid-cyan-blue-background-color has-background\" href=\"https:\/\/soccerinteraction.com\/es\/psicologia-del-portero-de-futbol\"><strong>Psicolog\u00eda del portero<\/strong><\/a><\/div>\n\n\n\n<div class=\"wp-block-button\"><a class=\"wp-block-button__link has-vivid-cyan-blue-background-color has-background\" href=\"https:\/\/soccerinteraction.com\/es\/pablo-munoz-se-gana-una-oportunidad-en-tercera-rfef\" target=\"_blank\" rel=\"noreferrer noopener\">Oportunidad en 3 RFEF<\/a><\/div>\n\n\n\n<div class=\"wp-block-button\"><a class=\"wp-block-button__link has-vivid-cyan-blue-background-color has-background\" href=\"https:\/\/soccerinteraction.com\/es\/sia-academy-cumple-el-sueno-de-nathan-huerta-portero-mexicano\">Portero mexicano<\/a><\/div>\n\n\n\n<div class=\"wp-block-button\"><a class=\"wp-block-button__link has-vivid-cyan-blue-background-color has-background\" href=\"https:\/\/soccerinteraction.com\/es\/ejercicios-de-calentamiento-para-porteros-en-futbol\" target=\"_blank\" rel=\"noreferrer noopener\">Ejercicios de calentamiento<\/a><\/div>\n\n\n\n<div class=\"wp-block-button\"><a class=\"wp-block-button__link has-vivid-cyan-blue-background-color has-background\" href=\"https:\/\/soccerinteraction.com\/es\/mejores-porteros-chilenos-de-futbol\">Mejores porteros chilenos<\/a><\/div>\n<\/div>\n\n\n\n<div class=\"wp-block-buttons is-layout-flex\">\n<div class=\"wp-block-button\"><a class=\"wp-block-button__link has-vivid-cyan-blue-background-color has-background\" href=\"https:\/\/soccerinteraction.com\/es\/psicologia-del-portero-de-futbol\"><strong>Psicolog\u00eda del portero<\/strong><\/a><\/div>\n\n\n\n<div class=\"wp-block-button\"><a class=\"wp-block-button__link has-vivid-cyan-blue-background-color has-background\" href=\"https:\/\/soccerinteraction.com\/es\/pablo-munoz-se-gana-una-oportunidad-en-tercera-rfef\" target=\"_blank\" rel=\"noreferrer noopener\">Oportunidad en 3 RFEF<\/a><\/div>\n\n\n\n<div class=\"wp-block-button\"><a class=\"wp-block-button__link has-vivid-cyan-blue-background-color has-background\" href=\"https:\/\/soccerinteraction.com\/es\/sia-academy-cumple-el-sueno-de-nathan-huerta-portero-mexicano\">Portero mexicano<\/a><\/div>\n\n\n\n<div class=\"wp-block-button\"><a class=\"wp-block-button__link has-vivid-cyan-blue-background-color has-background\" href=\"https:\/\/soccerinteraction.com\/es\/ejercicios-de-calentamiento-para-porteros-en-futbol\" target=\"_blank\" rel=\"noreferrer noopener\">Ejercicios de calentamiento<\/a><\/div>\n\n\n\n<div class=\"wp-block-button\"><a class=\"wp-block-button__link has-vivid-cyan-blue-background-color has-background\" href=\"https:\/\/soccerinteraction.com\/es\/mejores-porteros-chilenos-de-futbol\">Mejores porteros chilenos<\/a><\/div>\n<\/div>\n","protected":false},"excerpt":{"rendered":"<p>El portero del FC Porto, padrino de la Escuela de F\u00fatbol en Espa\u00f1a Dragon Force Valencia, ha sido hospitalizado despu\u00e9s de sufrir un problema card\u00edaco. \u201cTodo controlado por aqu\u00ed. Un susto grande, pero con las fuerzas intactas\u201d. Esta ha sido la primera declaraci\u00f3n realizada por Iker Casillas tras sufrir un infarto agudo de miocardio cuando<\/p>\n","protected":false},"author":1,"featured_media":10677,"comment_status":"open","ping_status":"open","sticky":false,"template":"","format":"standard","meta":[],"categories":[1,146],"tags":[],"_links":{"self":[{"href":"https:\/\/soccerinteraction.com\/es\/wp-json\/wp\/v2\/posts\/10675"}],"collection":[{"href":"https:\/\/soccerinteraction.com\/es\/wp-json\/wp\/v2\/posts"}],"about":[{"href":"https:\/\/soccerinteraction.com\/es\/wp-json\/wp\/v2\/types\/post"}],"author":[{"embeddable":true,"href":"https:\/\/soccerinteraction.com\/es\/wp-json\/wp\/v2\/users\/1"}],"replies":[{"embeddable":true,"href":"https:\/\/soccerinteraction.com\/es\/wp-json\/wp\/v2\/comments?post=10675"}],"version-history":[{"count":0,"href":"https:\/\/soccerinteraction.com\/es\/wp-json\/wp\/v2\/posts\/10675\/revisions"}],"wp:featuredmedia":[{"embeddable":true,"href":"https:\/\/soccerinteraction.com\/es\/wp-json\/wp\/v2\/media\/10677"}],"wp:attachment":[{"href":"https:\/\/soccerinteraction.com\/es\/wp-json\/wp\/v2\/media?parent=10675"}],"wp:term":[{"taxonomy":"category","embeddable":true,"href":"https:\/\/soccerinteraction.com\/es\/wp-json\/wp\/v2\/categories?post=10675"},{"taxonomy":"post_tag","embeddable":true,"href":"https:\/\/soccerinteraction.com\/es\/wp-json\/wp\/v2\/tags?post=10675"}],"curies":[{"name":"wp","href":"https:\/\/api.w.org\/{rel}","templated":true}]}}